{"id":1044,"date":"2016-06-20T20:32:34","date_gmt":"2016-06-20T23:32:34","guid":{"rendered":"http:\/\/semtravasnocoracao.com.br\/?p=1044"},"modified":"2016-07-07T16:09:47","modified_gmt":"2016-07-07T19:09:47","slug":"gente-precisa-se-encontrar-mais","status":"publish","type":"post","link":"https:\/\/semtravasnocoracao.com.br\/blog\/2016\/06\/20\/gente-precisa-se-encontrar-mais\/","title":{"rendered":"A gente precisa se encontrar mais"},"content":{"rendered":"<p>As agendas cederam espa\u00e7o aos <em>smartphones.<\/em> As folhas de calend\u00e1rio \u00e0s planilhas do Excel. No entanto, as coisas continuam exatamente iguais. Correria por todos os lados, compromissos intermin\u00e1veis e um excesso de falta de tempo. Sim, um excesso da falta. Contradit\u00f3rio, n\u00e3o? Em meio a tantas atividades a serem cumpridas, h\u00e1 a falta de tempo para o que realmente importa. As pessoas vivem a reclamar que est\u00e3o sem tempo. E talvez estejam mesmo. De um tempo para elas, apenas.<\/p>\n<p>Precisamos cumprir as metas no trabalho. Sobretudo, precisamos ganhar a confian\u00e7a do chefe e dos colegas. Ao chegarmos em casa, as in\u00fameras atividades n\u00e3o cessam. Pelo contr\u00e1rio, multiplicam-se. Precisamos acompanhar os notici\u00e1rios do dia, resolver os problemas da internet, ir ao mercado e fazer faxina. Dormimos pouco, pensamos muito. Estamos constantemente \u201cligados\u201d, contudo, permanecemos desligados para o que \u00e9 essencial: o encontro.<\/p>\n<p>Vivemos a esbarrar em pessoas por a\u00ed, mas n\u00e3o as encontramos. Diante de tantos encontros de neg\u00f3cio, planejados e programados, n\u00e3o h\u00e1 espa\u00e7o para que os sentimentos fluam. Para que pot\u00eancias e energias sejam trocadas (fazendo aqui uma breve alus\u00e3o a Spinoza). \u00c9 preciso que os encontros sejam intensos e s\u00f3 assim poderemos de fato conhecer as pessoas. Poderemos de fato nos encantar, atividade que tem sido esquecida nos dias atuais.<\/p>\n<p>O encantamento \u00e9 para os tolos. Para os que n\u00e3o tem nada para fazer, dizem por a\u00ed. No entanto, \u00e9 no encantamento que h\u00e1 a troca. Perdemos a capacidade de nos surpreender porque estamos acostumados a cumprir regras impostas por n\u00f3s mesmos. Diante de tantas obriga\u00e7\u00f5es, encontrar-se de fato com o outro parece ser desnecess\u00e1rio. Da\u00ed a superficialidade das rela\u00e7\u00f5es e a mecaniza\u00e7\u00e3o de tudo que envolve o sentimento.<\/p>\n<p>Ao mesmo tempo em que \u201cconhecemos\u201d, descartamos. Deixamos ir porque n\u00e3o conseguimos enxergar motivos para permitir com que fiquem. Tornamos as coisas mais especiais e, por vezes, mais importantes do que os humanos. Objetivamos rela\u00e7\u00f5es e queremos impor a elas, as mesmas metas que colocamos para os nossos objetivos. N\u00e3o agimos com o cora\u00e7\u00e3o porque, na verdade, n\u00e3o consideramos v\u00e1lido o que sentimos.<\/p>\n<p>Infelizmente, enquanto as coisas continuarem desse jeito, continuaremos a nos desencontrar. De n\u00f3s mesmos e dos outros. O nosso melhor encontro ser\u00e1 com o cronograma de compromissos. Dessa forma, n\u00e3o h\u00e1 tempo, nem sentimento que resista.<\/p>\n<p>&#8211;<\/p>\n<p>Precisamos nos encontrar mais. Sobretudo, precisamos nos apegar. Leia <a href=\"https:\/\/semtravasnalingua.com.br\/2016\/05\/09\/contra-ditadura-do-desapego\/\">aqui<\/a>.<\/p>\n","protected":false},"excerpt":{"rendered":"<p>As agendas cederam espa\u00e7o aos smartphones. As folhas de calend\u00e1rio \u00e0s planilhas do Excel. No entanto, as coisas continuam exatamente iguais. Correria por todos os lados, compromissos intermin\u00e1veis e um excesso de falta de tempo. Sim, um excesso da falta. Contradit\u00f3rio, n\u00e3o? Em meio a tantas atividades a serem cumpridas, h\u00e1 a falta de tempo [&hellip;]<\/p>\n","protected":false},"author":2,"featured_media":1045,"comment_status":"open","ping_status":"open","sticky":false,"template":"","format":"standard","meta":{"footnotes":"","_jetpack_memberships_contains_paid_content":false},"categories":[54],"tags":[60,97,206,96,103,208,207,56,57,150],"yoast_head":"<!-- This site is optimized with the Yoast SEO plugin v21.8 - https:\/\/yoast.com\/wordpress\/plugins\/seo\/ -->\n<title>A gente precisa se encontrar mais - Sem Travas no Cora\u00e7\u00e3o<\/title>\n<meta name=\"robots\" content=\"index, follow, max-snippet:-1, max-image-preview:large, max-video-preview:-1\" \/>\n<link rel=\"canonical\" href=\"https:\/\/semtravasnocoracao.com.br\/blog\/2016\/06\/20\/gente-precisa-se-encontrar-mais\/\" \/>\n<meta property=\"og:locale\" content=\"pt_BR\" \/>\n<meta property=\"og:type\" content=\"article\" \/>\n<meta property=\"og:title\" content=\"A gente precisa se encontrar mais - Sem Travas no Cora\u00e7\u00e3o\" \/>\n<meta property=\"og:description\" content=\"As agendas cederam espa\u00e7o aos smartphones. As folhas de calend\u00e1rio \u00e0s planilhas do Excel. No entanto, as coisas continuam exatamente iguais. Correria por todos os lados, compromissos intermin\u00e1veis e um excesso de falta de tempo. Sim, um excesso da falta. Contradit\u00f3rio, n\u00e3o? Em meio a tantas atividades a serem cumpridas, h\u00e1 a falta de tempo [&hellip;]\" \/>\n<meta property=\"og:url\" content=\"https:\/\/semtravasnocoracao.com.br\/blog\/2016\/06\/20\/gente-precisa-se-encontrar-mais\/\" \/>\n<meta property=\"og:site_name\" content=\"Sem Travas no Cora\u00e7\u00e3o\" \/>\n<meta property=\"article:published_time\" content=\"2016-06-20T23:32:34+00:00\" \/>\n<meta property=\"article:modified_time\" content=\"2016-07-07T19:09:47+00:00\" \/>\n<meta property=\"og:image\" content=\"https:\/\/semtravasnocoracao.com.br\/blog\/wp-content\/uploads\/2016\/06\/ecnontro2.png\" \/>\n\t<meta property=\"og:image:width\" content=\"630\" \/>\n\t<meta property=\"og:image:height\" content=\"420\" \/>\n\t<meta property=\"og:image:type\" content=\"image\/png\" \/>\n<meta name=\"author\" content=\"Isabela Nicastro\" \/>\n<meta name=\"twitter:card\" content=\"summary_large_image\" \/>\n<meta name=\"twitter:label1\" content=\"Escrito por\" \/>\n\t<meta name=\"twitter:data1\" content=\"Isabela Nicastro\" \/>\n\t<meta name=\"twitter:label2\" content=\"Est. tempo de leitura\" \/>\n\t<meta name=\"twitter:data2\" content=\"2 minutos\" \/>\n<script type=\"application\/ld+json\" class=\"yoast-schema-graph\">{\"@context\":\"https:\/\/schema.org\",\"@graph\":[{\"@type\":\"WebPage\",\"@id\":\"https:\/\/semtravasnocoracao.com.br\/blog\/2016\/06\/20\/gente-precisa-se-encontrar-mais\/\",\"url\":\"https:\/\/semtravasnocoracao.com.br\/blog\/2016\/06\/20\/gente-precisa-se-encontrar-mais\/\",\"name\":\"A gente precisa se encontrar mais - Sem Travas no Cora\u00e7\u00e3o\",\"isPartOf\":{\"@id\":\"https:\/\/semtravasnocoracao.com.br\/blog\/#website\"},\"datePublished\":\"2016-06-20T23:32:34+00:00\",\"dateModified\":\"2016-07-07T19:09:47+00:00\",\"author\":{\"@id\":\"https:\/\/semtravasnocoracao.com.br\/blog\/#\/schema\/person\/3de16aeeea6fd54ea529162a45515305\"},\"breadcrumb\":{\"@id\":\"https:\/\/semtravasnocoracao.com.br\/blog\/2016\/06\/20\/gente-precisa-se-encontrar-mais\/#breadcrumb\"},\"inLanguage\":\"pt-BR\",\"potentialAction\":[{\"@type\":\"ReadAction\",\"target\":[\"https:\/\/semtravasnocoracao.com.br\/blog\/2016\/06\/20\/gente-precisa-se-encontrar-mais\/\"]}]},{\"@type\":\"BreadcrumbList\",\"@id\":\"https:\/\/semtravasnocoracao.com.br\/blog\/2016\/06\/20\/gente-precisa-se-encontrar-mais\/#breadcrumb\",\"itemListElement\":[{\"@type\":\"ListItem\",\"position\":1,\"name\":\"In\u00edcio\",\"item\":\"https:\/\/semtravasnocoracao.com.br\/blog\/\"},{\"@type\":\"ListItem\",\"position\":2,\"name\":\"A gente precisa se encontrar mais\"}]},{\"@type\":\"WebSite\",\"@id\":\"https:\/\/semtravasnocoracao.com.br\/blog\/#website\",\"url\":\"https:\/\/semtravasnocoracao.com.br\/blog\/\",\"name\":\"Sem Travas no Cora\u00e7\u00e3o\",\"description\":\"O cora\u00e7\u00e3o grita. A raz\u00e3o traduz.\",\"potentialAction\":[{\"@type\":\"SearchAction\",\"target\":{\"@type\":\"EntryPoint\",\"urlTemplate\":\"https:\/\/semtravasnocoracao.com.br\/blog\/?s={search_term_string}\"},\"query-input\":\"required name=search_term_string\"}],\"inLanguage\":\"pt-BR\"},{\"@type\":\"Person\",\"@id\":\"https:\/\/semtravasnocoracao.com.br\/blog\/#\/schema\/person\/3de16aeeea6fd54ea529162a45515305\",\"name\":\"Isabela Nicastro\",\"image\":{\"@type\":\"ImageObject\",\"inLanguage\":\"pt-BR\",\"@id\":\"https:\/\/semtravasnocoracao.com.br\/blog\/#\/schema\/person\/image\/\",\"url\":\"https:\/\/secure.gravatar.com\/avatar\/cd52c5458b60708a0f159fd57a35bc35?s=96&d=mm&r=g\",\"contentUrl\":\"https:\/\/secure.gravatar.com\/avatar\/cd52c5458b60708a0f159fd57a35bc35?s=96&d=mm&r=g\",\"caption\":\"Isabela Nicastro\"},\"description\":\"Capricorniana e jornalista. Apaixonada por mar, c\u00e3es e caf\u00e9s da tarde em fam\u00edlia. N\u00e3o dispenso bacon e muito menos uma boa hist\u00f3ria. Meu cora\u00e7\u00e3o \u00e9 intenso e grita mais do que a raz\u00e3o. Tenho o sentimento como guia e a escrita como ferramenta.\",\"sameAs\":[\"https:\/\/semtravasnocoracao.com.br\"],\"url\":\"https:\/\/semtravasnocoracao.com.br\/blog\/author\/isabela-nicastro\/\"}]}<\/script>\n<!-- \/ Yoast SEO plugin. -->","yoast_head_json":{"title":"A gente precisa se encontrar mais - Sem Travas no Cora\u00e7\u00e3o","robots":{"index":"index","follow":"follow","max-snippet":"max-snippet:-1","max-image-preview":"max-image-preview:large","max-video-preview":"max-video-preview:-1"},"canonical":"https:\/\/semtravasnocoracao.com.br\/blog\/2016\/06\/20\/gente-precisa-se-encontrar-mais\/","og_locale":"pt_BR","og_type":"article","og_title":"A gente precisa se encontrar mais - Sem Travas no Cora\u00e7\u00e3o","og_description":"As agendas cederam espa\u00e7o aos smartphones. As folhas de calend\u00e1rio \u00e0s planilhas do Excel. No entanto, as coisas continuam exatamente iguais. Correria por todos os lados, compromissos intermin\u00e1veis e um excesso de falta de tempo. Sim, um excesso da falta. Contradit\u00f3rio, n\u00e3o? Em meio a tantas atividades a serem cumpridas, h\u00e1 a falta de tempo [&hellip;]","og_url":"https:\/\/semtravasnocoracao.com.br\/blog\/2016\/06\/20\/gente-precisa-se-encontrar-mais\/","og_site_name":"Sem Travas no Cora\u00e7\u00e3o","article_published_time":"2016-06-20T23:32:34+00:00","article_modified_time":"2016-07-07T19:09:47+00:00","og_image":[{"width":630,"height":420,"url":"https:\/\/semtravasnocoracao.com.br\/blog\/wp-content\/uploads\/2016\/06\/ecnontro2.png","type":"image\/png"}],"author":"Isabela Nicastro","twitter_card":"summary_large_image","twitter_misc":{"Escrito por":"Isabela Nicastro","Est. tempo de leitura":"2 minutos"},"schema":{"@context":"https:\/\/schema.org","@graph":[{"@type":"WebPage","@id":"https:\/\/semtravasnocoracao.com.br\/blog\/2016\/06\/20\/gente-precisa-se-encontrar-mais\/","url":"https:\/\/semtravasnocoracao.com.br\/blog\/2016\/06\/20\/gente-precisa-se-encontrar-mais\/","name":"A gente precisa se encontrar mais - Sem Travas no Cora\u00e7\u00e3o","isPartOf":{"@id":"https:\/\/semtravasnocoracao.com.br\/blog\/#website"},"datePublished":"2016-06-20T23:32:34+00:00","dateModified":"2016-07-07T19:09:47+00:00","author":{"@id":"https:\/\/semtravasnocoracao.com.br\/blog\/#\/schema\/person\/3de16aeeea6fd54ea529162a45515305"},"breadcrumb":{"@id":"https:\/\/semtravasnocoracao.com.br\/blog\/2016\/06\/20\/gente-precisa-se-encontrar-mais\/#breadcrumb"},"inLanguage":"pt-BR","potentialAction":[{"@type":"ReadAction","target":["https:\/\/semtravasnocoracao.com.br\/blog\/2016\/06\/20\/gente-precisa-se-encontrar-mais\/"]}]},{"@type":"BreadcrumbList","@id":"https:\/\/semtravasnocoracao.com.br\/blog\/2016\/06\/20\/gente-precisa-se-encontrar-mais\/#breadcrumb","itemListElement":[{"@type":"ListItem","position":1,"name":"In\u00edcio","item":"https:\/\/semtravasnocoracao.com.br\/blog\/"},{"@type":"ListItem","position":2,"name":"A gente precisa se encontrar mais"}]},{"@type":"WebSite","@id":"https:\/\/semtravasnocoracao.com.br\/blog\/#website","url":"https:\/\/semtravasnocoracao.com.br\/blog\/","name":"Sem Travas no Cora\u00e7\u00e3o","description":"O cora\u00e7\u00e3o grita. A raz\u00e3o traduz.","potentialAction":[{"@type":"SearchAction","target":{"@type":"EntryPoint","urlTemplate":"https:\/\/semtravasnocoracao.com.br\/blog\/?s={search_term_string}"},"query-input":"required name=search_term_string"}],"inLanguage":"pt-BR"},{"@type":"Person","@id":"https:\/\/semtravasnocoracao.com.br\/blog\/#\/schema\/person\/3de16aeeea6fd54ea529162a45515305","name":"Isabela Nicastro","image":{"@type":"ImageObject","inLanguage":"pt-BR","@id":"https:\/\/semtravasnocoracao.com.br\/blog\/#\/schema\/person\/image\/","url":"https:\/\/secure.gravatar.com\/avatar\/cd52c5458b60708a0f159fd57a35bc35?s=96&d=mm&r=g","contentUrl":"https:\/\/secure.gravatar.com\/avatar\/cd52c5458b60708a0f159fd57a35bc35?s=96&d=mm&r=g","caption":"Isabela Nicastro"},"description":"Capricorniana e jornalista. Apaixonada por mar, c\u00e3es e caf\u00e9s da tarde em fam\u00edlia. N\u00e3o dispenso bacon e muito menos uma boa hist\u00f3ria. Meu cora\u00e7\u00e3o \u00e9 intenso e grita mais do que a raz\u00e3o. Tenho o sentimento como guia e a escrita como ferramenta.","sameAs":["https:\/\/semtravasnocoracao.com.br"],"url":"https:\/\/semtravasnocoracao.com.br\/blog\/author\/isabela-nicastro\/"}]}},"jetpack_sharing_enabled":true,"jetpack_featured_media_url":"https:\/\/i0.wp.com\/semtravasnocoracao.com.br\/blog\/wp-content\/uploads\/2016\/06\/ecnontro2.png?fit=630%2C420&ssl=1","_links":{"self":[{"href":"https:\/\/semtravasnocoracao.com.br\/blog\/wp-json\/wp\/v2\/posts\/1044"}],"collection":[{"href":"https:\/\/semtravasnocoracao.com.br\/blog\/wp-json\/wp\/v2\/posts"}],"about":[{"href":"https:\/\/semtravasnocoracao.com.br\/blog\/wp-json\/wp\/v2\/types\/post"}],"author":[{"embeddable":true,"href":"https:\/\/semtravasnocoracao.com.br\/blog\/wp-json\/wp\/v2\/users\/2"}],"replies":[{"embeddable":true,"href":"https:\/\/semtravasnocoracao.com.br\/blog\/wp-json\/wp\/v2\/comments?post=1044"}],"version-history":[{"count":2,"href":"https:\/\/semtravasnocoracao.com.br\/blog\/wp-json\/wp\/v2\/posts\/1044\/revisions"}],"predecessor-version":[{"id":1047,"href":"https:\/\/semtravasnocoracao.com.br\/blog\/wp-json\/wp\/v2\/posts\/1044\/revisions\/1047"}],"wp:featuredmedia":[{"embeddable":true,"href":"https:\/\/semtravasnocoracao.com.br\/blog\/wp-json\/wp\/v2\/media\/1045"}],"wp:attachment":[{"href":"https:\/\/semtravasnocoracao.com.br\/blog\/wp-json\/wp\/v2\/media?parent=1044"}],"wp:term":[{"taxonomy":"category","embeddable":true,"href":"https:\/\/semtravasnocoracao.com.br\/blog\/wp-json\/wp\/v2\/categories?post=1044"},{"taxonomy":"post_tag","embeddable":true,"href":"https:\/\/semtravasnocoracao.com.br\/blog\/wp-json\/wp\/v2\/tags?post=1044"}],"curies":[{"name":"wp","href":"https:\/\/api.w.org\/{rel}","templated":true}]}}