{"id":1570,"date":"2017-11-08T15:35:55","date_gmt":"2017-11-08T18:35:55","guid":{"rendered":"http:\/\/semtravasnocoracao.com.br\/?p=1570"},"modified":"2017-11-23T16:48:35","modified_gmt":"2017-11-23T19:48:35","slug":"e-livramento-mas-quem-disse-que-nao-doi","status":"publish","type":"post","link":"https:\/\/semtravasnocoracao.com.br\/blog\/2017\/11\/08\/e-livramento-mas-quem-disse-que-nao-doi\/","title":{"rendered":"\u00c9 livramento, mas quem disse que n\u00e3o d\u00f3i?"},"content":{"rendered":"<p>Quando voc\u00ea termina um relacionamento ou est\u00e1 se questionando se aquela rela\u00e7\u00e3o vale realmente a pena, muitas pessoas, que geralmente est\u00e3o de fora da situa\u00e7\u00e3o, insistem em dizer: foi um livramento, agrade\u00e7a. Por vezes, voc\u00ea mesmo comprova essa teoria. Melhor sozinha, do que mal acompanhada, certo? No entanto, mesmo diante de uma decis\u00e3o certa, d\u00f3i e d\u00f3i muito. Quem disse que n\u00e3o?<\/p>\n<p>Apesar de voc\u00ea estar tentando resgatar sua paz de novo, sua sa\u00fade mental e seu amor pr\u00f3prio, d\u00f3i n\u00e3o ter mais aquele que voc\u00ea ainda ama ao seu lado. D\u00f3i n\u00e3o ter para quem mandar mensagens ao longo do dia. D\u00f3i n\u00e3o ter companhia para os momentos de filme e edredom. \u00a0D\u00f3i ter que recome\u00e7ar tudo de novo. Com certeza, essa \u00e9 uma miss\u00e3o nem um pouco f\u00e1cil.<\/p>\n<p>N\u00e3o h\u00e1 conselho, balada ou \u201cpega\u00e7\u00e3o\u201d que resolva. Voc\u00ea vai chorar muito. Vai encher os ouvidos dos amigos sobre o ex. Vai ter reca\u00eddas e talvez voltar a se encontrar com ele. Acontece. E honestamente, n\u00e3o se culpe por isso. Sentir n\u00e3o \u00e9 sin\u00f4nimo de fraqueza. Pensar s\u00f3 com a raz\u00e3o nessas situa\u00e7\u00f5es \u00e9 uma tarefa que nem os seres mais evolu\u00eddos conseguem com sucesso. Permita-se terminar de vez e sofrer, permita-se reconsiderar se ainda te fizer bem, permita-se tentar, mesmo que ainda n\u00e3o tenha uma decis\u00e3o firme a tomar.<\/p>\n<p>As pessoas esperam que voc\u00ea seja um rob\u00f4, algu\u00e9m que decide, porque \u00e9 preciso e fim. Algu\u00e9m que n\u00e3o deve sofrer por quem n\u00e3o merece. Mas, infelizmente, o cora\u00e7\u00e3o n\u00e3o escolhe por quem vai sentir dor. Nessas horas, talvez ajude encontrar um equil\u00edbrio entre raz\u00e3o e emo\u00e7\u00e3o. E tal equil\u00edbrio, \u00e0s vezes, est\u00e1 em aceitar o seu tempo, a sua indecis\u00e3o, a sua incerteza. Est\u00e1 em ir vivendo dia ap\u00f3s dia, permitindo-se sentir e, ao mesmo tempo, reagir.<\/p>\n<p>Deixa a decis\u00e3o certa chegar devagarzinho. V\u00e1 sentindo o terreno e plantando uma semente por dia. N\u00e3o force nada. Ao inv\u00e9s de afirmar o que \u00e9 livramento, mude o foco: o que for para ser, ser\u00e1.<\/p>\n<p>&#8211;<\/p>\n<p>Boa bad para voc\u00ea. Leia<a href=\"https:\/\/semtravasnalingua.com.br\/2016\/08\/26\/boa-bad-pra-voce\/\"> aqui<\/a>.<\/p>\n","protected":false},"excerpt":{"rendered":"<p>Quando voc\u00ea termina um relacionamento ou est\u00e1 se questionando se aquela rela\u00e7\u00e3o vale realmente a pena, muitas pessoas, que geralmente est\u00e3o de fora da situa\u00e7\u00e3o, insistem em dizer: foi um livramento, agrade\u00e7a. Por vezes, voc\u00ea mesmo comprova essa teoria. Melhor sozinha, do que mal acompanhada, certo? No entanto, mesmo diante de uma decis\u00e3o certa, d\u00f3i [&hellip;]<\/p>\n","protected":false},"author":2,"featured_media":1571,"comment_status":"open","ping_status":"open","sticky":false,"template":"","format":"standard","meta":{"footnotes":"","_jetpack_memberships_contains_paid_content":false},"categories":[23],"tags":[80,60,121,68,97,129,415,91,179],"yoast_head":"<!-- This site is optimized with the Yoast SEO plugin v21.8 - https:\/\/yoast.com\/wordpress\/plugins\/seo\/ -->\n<title>\u00c9 livramento, mas quem disse que n\u00e3o d\u00f3i? - Sem Travas no Cora\u00e7\u00e3o<\/title>\n<meta name=\"robots\" content=\"index, follow, max-snippet:-1, max-image-preview:large, max-video-preview:-1\" \/>\n<link rel=\"canonical\" href=\"https:\/\/semtravasnocoracao.com.br\/blog\/2017\/11\/08\/e-livramento-mas-quem-disse-que-nao-doi\/\" \/>\n<meta property=\"og:locale\" content=\"pt_BR\" \/>\n<meta property=\"og:type\" content=\"article\" \/>\n<meta property=\"og:title\" content=\"\u00c9 livramento, mas quem disse que n\u00e3o d\u00f3i? - Sem Travas no Cora\u00e7\u00e3o\" \/>\n<meta property=\"og:description\" content=\"Quando voc\u00ea termina um relacionamento ou est\u00e1 se questionando se aquela rela\u00e7\u00e3o vale realmente a pena, muitas pessoas, que geralmente est\u00e3o de fora da situa\u00e7\u00e3o, insistem em dizer: foi um livramento, agrade\u00e7a. Por vezes, voc\u00ea mesmo comprova essa teoria. Melhor sozinha, do que mal acompanhada, certo? No entanto, mesmo diante de uma decis\u00e3o certa, d\u00f3i [&hellip;]\" \/>\n<meta property=\"og:url\" content=\"https:\/\/semtravasnocoracao.com.br\/blog\/2017\/11\/08\/e-livramento-mas-quem-disse-que-nao-doi\/\" \/>\n<meta property=\"og:site_name\" content=\"Sem Travas no Cora\u00e7\u00e3o\" \/>\n<meta property=\"article:published_time\" content=\"2017-11-08T18:35:55+00:00\" \/>\n<meta property=\"article:modified_time\" content=\"2017-11-23T19:48:35+00:00\" \/>\n<meta property=\"og:image\" content=\"https:\/\/semtravasnocoracao.com.br\/blog\/wp-content\/uploads\/2017\/11\/Foi-livramento-mas-quem-disse-que-nao-doi.jpg\" \/>\n\t<meta property=\"og:image:width\" content=\"665\" \/>\n\t<meta property=\"og:image:height\" content=\"432\" \/>\n\t<meta property=\"og:image:type\" content=\"image\/jpeg\" \/>\n<meta name=\"author\" content=\"Isabela Nicastro\" \/>\n<meta name=\"twitter:card\" content=\"summary_large_image\" \/>\n<meta name=\"twitter:label1\" content=\"Escrito por\" \/>\n\t<meta name=\"twitter:data1\" content=\"Isabela Nicastro\" \/>\n\t<meta name=\"twitter:label2\" content=\"Est. tempo de leitura\" \/>\n\t<meta name=\"twitter:data2\" content=\"2 minutos\" \/>\n<script type=\"application\/ld+json\" class=\"yoast-schema-graph\">{\"@context\":\"https:\/\/schema.org\",\"@graph\":[{\"@type\":\"WebPage\",\"@id\":\"https:\/\/semtravasnocoracao.com.br\/blog\/2017\/11\/08\/e-livramento-mas-quem-disse-que-nao-doi\/\",\"url\":\"https:\/\/semtravasnocoracao.com.br\/blog\/2017\/11\/08\/e-livramento-mas-quem-disse-que-nao-doi\/\",\"name\":\"\u00c9 livramento, mas quem disse que n\u00e3o d\u00f3i? - Sem Travas no Cora\u00e7\u00e3o\",\"isPartOf\":{\"@id\":\"https:\/\/semtravasnocoracao.com.br\/blog\/#website\"},\"datePublished\":\"2017-11-08T18:35:55+00:00\",\"dateModified\":\"2017-11-23T19:48:35+00:00\",\"author\":{\"@id\":\"https:\/\/semtravasnocoracao.com.br\/blog\/#\/schema\/person\/3de16aeeea6fd54ea529162a45515305\"},\"breadcrumb\":{\"@id\":\"https:\/\/semtravasnocoracao.com.br\/blog\/2017\/11\/08\/e-livramento-mas-quem-disse-que-nao-doi\/#breadcrumb\"},\"inLanguage\":\"pt-BR\",\"potentialAction\":[{\"@type\":\"ReadAction\",\"target\":[\"https:\/\/semtravasnocoracao.com.br\/blog\/2017\/11\/08\/e-livramento-mas-quem-disse-que-nao-doi\/\"]}]},{\"@type\":\"BreadcrumbList\",\"@id\":\"https:\/\/semtravasnocoracao.com.br\/blog\/2017\/11\/08\/e-livramento-mas-quem-disse-que-nao-doi\/#breadcrumb\",\"itemListElement\":[{\"@type\":\"ListItem\",\"position\":1,\"name\":\"In\u00edcio\",\"item\":\"https:\/\/semtravasnocoracao.com.br\/blog\/\"},{\"@type\":\"ListItem\",\"position\":2,\"name\":\"\u00c9 livramento, mas quem disse que n\u00e3o d\u00f3i?\"}]},{\"@type\":\"WebSite\",\"@id\":\"https:\/\/semtravasnocoracao.com.br\/blog\/#website\",\"url\":\"https:\/\/semtravasnocoracao.com.br\/blog\/\",\"name\":\"Sem Travas no Cora\u00e7\u00e3o\",\"description\":\"O cora\u00e7\u00e3o grita. A raz\u00e3o traduz.\",\"potentialAction\":[{\"@type\":\"SearchAction\",\"target\":{\"@type\":\"EntryPoint\",\"urlTemplate\":\"https:\/\/semtravasnocoracao.com.br\/blog\/?s={search_term_string}\"},\"query-input\":\"required name=search_term_string\"}],\"inLanguage\":\"pt-BR\"},{\"@type\":\"Person\",\"@id\":\"https:\/\/semtravasnocoracao.com.br\/blog\/#\/schema\/person\/3de16aeeea6fd54ea529162a45515305\",\"name\":\"Isabela Nicastro\",\"image\":{\"@type\":\"ImageObject\",\"inLanguage\":\"pt-BR\",\"@id\":\"https:\/\/semtravasnocoracao.com.br\/blog\/#\/schema\/person\/image\/\",\"url\":\"https:\/\/secure.gravatar.com\/avatar\/cd52c5458b60708a0f159fd57a35bc35?s=96&d=mm&r=g\",\"contentUrl\":\"https:\/\/secure.gravatar.com\/avatar\/cd52c5458b60708a0f159fd57a35bc35?s=96&d=mm&r=g\",\"caption\":\"Isabela Nicastro\"},\"description\":\"Capricorniana e jornalista. Apaixonada por mar, c\u00e3es e caf\u00e9s da tarde em fam\u00edlia. N\u00e3o dispenso bacon e muito menos uma boa hist\u00f3ria. Meu cora\u00e7\u00e3o \u00e9 intenso e grita mais do que a raz\u00e3o. Tenho o sentimento como guia e a escrita como ferramenta.\",\"sameAs\":[\"https:\/\/semtravasnocoracao.com.br\"],\"url\":\"https:\/\/semtravasnocoracao.com.br\/blog\/author\/isabela-nicastro\/\"}]}<\/script>\n<!-- \/ Yoast SEO plugin. -->","yoast_head_json":{"title":"\u00c9 livramento, mas quem disse que n\u00e3o d\u00f3i? - Sem Travas no Cora\u00e7\u00e3o","robots":{"index":"index","follow":"follow","max-snippet":"max-snippet:-1","max-image-preview":"max-image-preview:large","max-video-preview":"max-video-preview:-1"},"canonical":"https:\/\/semtravasnocoracao.com.br\/blog\/2017\/11\/08\/e-livramento-mas-quem-disse-que-nao-doi\/","og_locale":"pt_BR","og_type":"article","og_title":"\u00c9 livramento, mas quem disse que n\u00e3o d\u00f3i? - Sem Travas no Cora\u00e7\u00e3o","og_description":"Quando voc\u00ea termina um relacionamento ou est\u00e1 se questionando se aquela rela\u00e7\u00e3o vale realmente a pena, muitas pessoas, que geralmente est\u00e3o de fora da situa\u00e7\u00e3o, insistem em dizer: foi um livramento, agrade\u00e7a. Por vezes, voc\u00ea mesmo comprova essa teoria. Melhor sozinha, do que mal acompanhada, certo? No entanto, mesmo diante de uma decis\u00e3o certa, d\u00f3i [&hellip;]","og_url":"https:\/\/semtravasnocoracao.com.br\/blog\/2017\/11\/08\/e-livramento-mas-quem-disse-que-nao-doi\/","og_site_name":"Sem Travas no Cora\u00e7\u00e3o","article_published_time":"2017-11-08T18:35:55+00:00","article_modified_time":"2017-11-23T19:48:35+00:00","og_image":[{"width":665,"height":432,"url":"https:\/\/semtravasnocoracao.com.br\/blog\/wp-content\/uploads\/2017\/11\/Foi-livramento-mas-quem-disse-que-nao-doi.jpg","type":"image\/jpeg"}],"author":"Isabela Nicastro","twitter_card":"summary_large_image","twitter_misc":{"Escrito por":"Isabela Nicastro","Est. tempo de leitura":"2 minutos"},"schema":{"@context":"https:\/\/schema.org","@graph":[{"@type":"WebPage","@id":"https:\/\/semtravasnocoracao.com.br\/blog\/2017\/11\/08\/e-livramento-mas-quem-disse-que-nao-doi\/","url":"https:\/\/semtravasnocoracao.com.br\/blog\/2017\/11\/08\/e-livramento-mas-quem-disse-que-nao-doi\/","name":"\u00c9 livramento, mas quem disse que n\u00e3o d\u00f3i? - Sem Travas no Cora\u00e7\u00e3o","isPartOf":{"@id":"https:\/\/semtravasnocoracao.com.br\/blog\/#website"},"datePublished":"2017-11-08T18:35:55+00:00","dateModified":"2017-11-23T19:48:35+00:00","author":{"@id":"https:\/\/semtravasnocoracao.com.br\/blog\/#\/schema\/person\/3de16aeeea6fd54ea529162a45515305"},"breadcrumb":{"@id":"https:\/\/semtravasnocoracao.com.br\/blog\/2017\/11\/08\/e-livramento-mas-quem-disse-que-nao-doi\/#breadcrumb"},"inLanguage":"pt-BR","potentialAction":[{"@type":"ReadAction","target":["https:\/\/semtravasnocoracao.com.br\/blog\/2017\/11\/08\/e-livramento-mas-quem-disse-que-nao-doi\/"]}]},{"@type":"BreadcrumbList","@id":"https:\/\/semtravasnocoracao.com.br\/blog\/2017\/11\/08\/e-livramento-mas-quem-disse-que-nao-doi\/#breadcrumb","itemListElement":[{"@type":"ListItem","position":1,"name":"In\u00edcio","item":"https:\/\/semtravasnocoracao.com.br\/blog\/"},{"@type":"ListItem","position":2,"name":"\u00c9 livramento, mas quem disse que n\u00e3o d\u00f3i?"}]},{"@type":"WebSite","@id":"https:\/\/semtravasnocoracao.com.br\/blog\/#website","url":"https:\/\/semtravasnocoracao.com.br\/blog\/","name":"Sem Travas no Cora\u00e7\u00e3o","description":"O cora\u00e7\u00e3o grita. A raz\u00e3o traduz.","potentialAction":[{"@type":"SearchAction","target":{"@type":"EntryPoint","urlTemplate":"https:\/\/semtravasnocoracao.com.br\/blog\/?s={search_term_string}"},"query-input":"required name=search_term_string"}],"inLanguage":"pt-BR"},{"@type":"Person","@id":"https:\/\/semtravasnocoracao.com.br\/blog\/#\/schema\/person\/3de16aeeea6fd54ea529162a45515305","name":"Isabela Nicastro","image":{"@type":"ImageObject","inLanguage":"pt-BR","@id":"https:\/\/semtravasnocoracao.com.br\/blog\/#\/schema\/person\/image\/","url":"https:\/\/secure.gravatar.com\/avatar\/cd52c5458b60708a0f159fd57a35bc35?s=96&d=mm&r=g","contentUrl":"https:\/\/secure.gravatar.com\/avatar\/cd52c5458b60708a0f159fd57a35bc35?s=96&d=mm&r=g","caption":"Isabela Nicastro"},"description":"Capricorniana e jornalista. Apaixonada por mar, c\u00e3es e caf\u00e9s da tarde em fam\u00edlia. N\u00e3o dispenso bacon e muito menos uma boa hist\u00f3ria. Meu cora\u00e7\u00e3o \u00e9 intenso e grita mais do que a raz\u00e3o. Tenho o sentimento como guia e a escrita como ferramenta.","sameAs":["https:\/\/semtravasnocoracao.com.br"],"url":"https:\/\/semtravasnocoracao.com.br\/blog\/author\/isabela-nicastro\/"}]}},"jetpack_sharing_enabled":true,"jetpack_featured_media_url":"https:\/\/i0.wp.com\/semtravasnocoracao.com.br\/blog\/wp-content\/uploads\/2017\/11\/Foi-livramento-mas-quem-disse-que-nao-doi.jpg?fit=665%2C432&ssl=1","_links":{"self":[{"href":"https:\/\/semtravasnocoracao.com.br\/blog\/wp-json\/wp\/v2\/posts\/1570"}],"collection":[{"href":"https:\/\/semtravasnocoracao.com.br\/blog\/wp-json\/wp\/v2\/posts"}],"about":[{"href":"https:\/\/semtravasnocoracao.com.br\/blog\/wp-json\/wp\/v2\/types\/post"}],"author":[{"embeddable":true,"href":"https:\/\/semtravasnocoracao.com.br\/blog\/wp-json\/wp\/v2\/users\/2"}],"replies":[{"embeddable":true,"href":"https:\/\/semtravasnocoracao.com.br\/blog\/wp-json\/wp\/v2\/comments?post=1570"}],"version-history":[{"count":1,"href":"https:\/\/semtravasnocoracao.com.br\/blog\/wp-json\/wp\/v2\/posts\/1570\/revisions"}],"predecessor-version":[{"id":1572,"href":"https:\/\/semtravasnocoracao.com.br\/blog\/wp-json\/wp\/v2\/posts\/1570\/revisions\/1572"}],"wp:featuredmedia":[{"embeddable":true,"href":"https:\/\/semtravasnocoracao.com.br\/blog\/wp-json\/wp\/v2\/media\/1571"}],"wp:attachment":[{"href":"https:\/\/semtravasnocoracao.com.br\/blog\/wp-json\/wp\/v2\/media?parent=1570"}],"wp:term":[{"taxonomy":"category","embeddable":true,"href":"https:\/\/semtravasnocoracao.com.br\/blog\/wp-json\/wp\/v2\/categories?post=1570"},{"taxonomy":"post_tag","embeddable":true,"href":"https:\/\/semtravasnocoracao.com.br\/blog\/wp-json\/wp\/v2\/tags?post=1570"}],"curies":[{"name":"wp","href":"https:\/\/api.w.org\/{rel}","templated":true}]}}