{"id":2787,"date":"2022-11-09T17:16:33","date_gmt":"2022-11-09T20:16:33","guid":{"rendered":"https:\/\/semtravasnocoracao.com.br\/blog\/?p=2787"},"modified":"2022-11-09T17:16:36","modified_gmt":"2022-11-09T20:16:36","slug":"o-amor-flecha-rumo-a-objetivos-em-comum","status":"publish","type":"post","link":"https:\/\/semtravasnocoracao.com.br\/blog\/2022\/11\/09\/o-amor-flecha-rumo-a-objetivos-em-comum\/","title":{"rendered":"O amor-flecha rumo a objetivos em comum"},"content":{"rendered":"\n<p>Amor-flecha. \u00c9 essa a met\u00e1fora perfeita para definir o relacionamento desse casal, Lucas e Thayse. E quem me ajudou a encontr\u00e1-la foram os amigos queridos Vin\u00edcius e Camila, que enxergam neles flechas certeiras rumo a um objetivo \u00fanico.<\/p>\n\n\n\n<p>Lucas e Thayse s\u00e3o como arco e flecha do amor. Quanto mais empenho e disposi\u00e7\u00e3o colocam no arco, mais longe a flecha chegar\u00e1. Ou seja, sabem cuidar muito bem desse arco. Dedicam-se ao relacionamento, cuidam um do outro como ningu\u00e9m. S\u00e3o os melhores amigos e parceiros um do outro.<\/p>\n\n\n\n<p>Logo, a flecha deles sempre chega longe. Juntos, eles crescem, amadurecem, evoluem. Juntos, s\u00e3o ainda melhores. Enfrentam desafios, celebram conquistas, auxiliam o outro no que for preciso. Afinal,  miram em objetivos em comum e, al\u00e9m disso, torcem para que a flecha do outro voe ainda mais alto.<\/p>\n\n\n\n<p>Para o Vin\u00edcius e a Camila, eles dificilmente perdem a mira, o foco, quando est\u00e3o juntos. Al\u00e9m disso, s\u00e3o muito fofos juntos, s\u00e3o eternos apaixonados. Possuem uma sintonia admir\u00e1vel para eles. Nenhum deles atravessa o outro, j\u00e1 que possuem leveza.<\/p>\n\n\n<div class=\"wp-block-image\">\n<figure class=\"aligncenter size-full\"><img loading=\"lazy\" decoding=\"async\" width=\"665\" height=\"435\" src=\"https:\/\/i0.wp.com\/semtravasnocoracao.com.br\/blog\/wp-content\/uploads\/2022\/11\/Thayse-e-Lucas-1.jpg?resize=665%2C435&#038;ssl=1\" alt=\"\" class=\"wp-image-2788\" srcset=\"https:\/\/i0.wp.com\/semtravasnocoracao.com.br\/blog\/wp-content\/uploads\/2022\/11\/Thayse-e-Lucas-1.jpg?w=665&amp;ssl=1 665w, https:\/\/i0.wp.com\/semtravasnocoracao.com.br\/blog\/wp-content\/uploads\/2022\/11\/Thayse-e-Lucas-1.jpg?resize=300%2C196&amp;ssl=1 300w, https:\/\/i0.wp.com\/semtravasnocoracao.com.br\/blog\/wp-content\/uploads\/2022\/11\/Thayse-e-Lucas-1.jpg?resize=90%2C60&amp;ssl=1 90w\" sizes=\"(max-width: 665px) 100vw, 665px\" data-recalc-dims=\"1\" \/><\/figure><\/div>\n\n<div class=\"wp-block-image\">\n<figure class=\"aligncenter size-full\"><img loading=\"lazy\" decoding=\"async\" width=\"665\" height=\"435\" src=\"https:\/\/i0.wp.com\/semtravasnocoracao.com.br\/blog\/wp-content\/uploads\/2022\/11\/Thayse-e-Lucas-2.jpg?resize=665%2C435&#038;ssl=1\" alt=\"\" class=\"wp-image-2789\" srcset=\"https:\/\/i0.wp.com\/semtravasnocoracao.com.br\/blog\/wp-content\/uploads\/2022\/11\/Thayse-e-Lucas-2.jpg?w=665&amp;ssl=1 665w, https:\/\/i0.wp.com\/semtravasnocoracao.com.br\/blog\/wp-content\/uploads\/2022\/11\/Thayse-e-Lucas-2.jpg?resize=300%2C196&amp;ssl=1 300w, https:\/\/i0.wp.com\/semtravasnocoracao.com.br\/blog\/wp-content\/uploads\/2022\/11\/Thayse-e-Lucas-2.jpg?resize=90%2C60&amp;ssl=1 90w\" sizes=\"(max-width: 665px) 100vw, 665px\" data-recalc-dims=\"1\" \/><\/figure><\/div>\n\n<div class=\"wp-block-image\">\n<figure class=\"aligncenter size-full\"><img loading=\"lazy\" decoding=\"async\" width=\"665\" height=\"435\" src=\"https:\/\/i0.wp.com\/semtravasnocoracao.com.br\/blog\/wp-content\/uploads\/2022\/11\/Thayse-e-Lucas-4.jpg?resize=665%2C435&#038;ssl=1\" alt=\"\" class=\"wp-image-2790\" srcset=\"https:\/\/i0.wp.com\/semtravasnocoracao.com.br\/blog\/wp-content\/uploads\/2022\/11\/Thayse-e-Lucas-4.jpg?w=665&amp;ssl=1 665w, https:\/\/i0.wp.com\/semtravasnocoracao.com.br\/blog\/wp-content\/uploads\/2022\/11\/Thayse-e-Lucas-4.jpg?resize=300%2C196&amp;ssl=1 300w, https:\/\/i0.wp.com\/semtravasnocoracao.com.br\/blog\/wp-content\/uploads\/2022\/11\/Thayse-e-Lucas-4.jpg?resize=90%2C60&amp;ssl=1 90w\" sizes=\"(max-width: 665px) 100vw, 665px\" data-recalc-dims=\"1\" \/><\/figure><\/div>\n\n<div class=\"wp-block-image\">\n<figure class=\"aligncenter size-full\"><img loading=\"lazy\" decoding=\"async\" width=\"665\" height=\"435\" src=\"https:\/\/i0.wp.com\/semtravasnocoracao.com.br\/blog\/wp-content\/uploads\/2022\/11\/Thayse-e-Lucas-5.jpg?resize=665%2C435&#038;ssl=1\" alt=\"\" class=\"wp-image-2791\" srcset=\"https:\/\/i0.wp.com\/semtravasnocoracao.com.br\/blog\/wp-content\/uploads\/2022\/11\/Thayse-e-Lucas-5.jpg?w=665&amp;ssl=1 665w, https:\/\/i0.wp.com\/semtravasnocoracao.com.br\/blog\/wp-content\/uploads\/2022\/11\/Thayse-e-Lucas-5.jpg?resize=300%2C196&amp;ssl=1 300w, https:\/\/i0.wp.com\/semtravasnocoracao.com.br\/blog\/wp-content\/uploads\/2022\/11\/Thayse-e-Lucas-5.jpg?resize=90%2C60&amp;ssl=1 90w\" sizes=\"(max-width: 665px) 100vw, 665px\" data-recalc-dims=\"1\" \/><\/figure><\/div>\n\n\n<p>[Trecho da cerim\u00f4nia personalizada para Thayse e Lucas, na Ch\u00e1cara 46, em Londrina (PR). Texto e celebra\u00e7\u00e3o por mim, Isa, da\u00a0<a href=\"http:\/\/www.semtravasnocoracao.com.br\/\">Sem Travas no Cora\u00e7\u00e3o<\/a>.<\/p>\n\n\n\n<p>Fotos:\u00a0<a href=\"https:\/\/www.instagram.com\/jonasmellofotografia\/\">Jonas Mello<\/a><\/p>\n\n\n\n<p>\u2013<\/p>\n\n\n\n<p>Leia tamb\u00e9m: O amor que floresceu em terreno f\u00e9rtil. Clique <a href=\"https:\/\/semtravasnocoracao.com.br\/blog\/2022\/10\/13\/o-amor-que-floresceu-em-terreno-fertil\/\">aqui<\/a>! <\/p>\n","protected":false},"excerpt":{"rendered":"<p>Amor-flecha. \u00c9 essa a met\u00e1fora perfeita para definir o relacionamento desse casal, Lucas e Thayse. E quem me ajudou a encontr\u00e1-la foram os amigos queridos Vin\u00edcius e Camila, que enxergam neles flechas certeiras rumo a um objetivo \u00fanico. Lucas e Thayse s\u00e3o como arco e flecha do amor. Quanto mais empenho e disposi\u00e7\u00e3o colocam no [&hellip;]<\/p>\n","protected":false},"author":2,"featured_media":2792,"comment_status":"open","ping_status":"open","sticky":false,"template":"","format":"standard","meta":{"footnotes":"","_jetpack_memberships_contains_paid_content":false},"categories":[425],"tags":[80,63,85,60,66,101,436,91,140,56],"yoast_head":"<!-- This site is optimized with the Yoast SEO plugin v21.8 - https:\/\/yoast.com\/wordpress\/plugins\/seo\/ -->\n<title>O amor-flecha rumo a objetivos em comum - Sem Travas no Cora\u00e7\u00e3o<\/title>\n<meta name=\"robots\" content=\"index, follow, max-snippet:-1, max-image-preview:large, max-video-preview:-1\" \/>\n<link rel=\"canonical\" href=\"https:\/\/semtravasnocoracao.com.br\/blog\/2022\/11\/09\/o-amor-flecha-rumo-a-objetivos-em-comum\/\" \/>\n<meta property=\"og:locale\" content=\"pt_BR\" \/>\n<meta property=\"og:type\" content=\"article\" \/>\n<meta property=\"og:title\" content=\"O amor-flecha rumo a objetivos em comum - Sem Travas no Cora\u00e7\u00e3o\" \/>\n<meta property=\"og:description\" content=\"Amor-flecha. \u00c9 essa a met\u00e1fora perfeita para definir o relacionamento desse casal, Lucas e Thayse. E quem me ajudou a encontr\u00e1-la foram os amigos queridos Vin\u00edcius e Camila, que enxergam neles flechas certeiras rumo a um objetivo \u00fanico. Lucas e Thayse s\u00e3o como arco e flecha do amor. Quanto mais empenho e disposi\u00e7\u00e3o colocam no [&hellip;]\" \/>\n<meta property=\"og:url\" content=\"https:\/\/semtravasnocoracao.com.br\/blog\/2022\/11\/09\/o-amor-flecha-rumo-a-objetivos-em-comum\/\" \/>\n<meta property=\"og:site_name\" content=\"Sem Travas no Cora\u00e7\u00e3o\" \/>\n<meta property=\"article:published_time\" content=\"2022-11-09T20:16:33+00:00\" \/>\n<meta property=\"article:modified_time\" content=\"2022-11-09T20:16:36+00:00\" \/>\n<meta property=\"og:image\" content=\"https:\/\/semtravasnocoracao.com.br\/blog\/wp-content\/uploads\/2022\/11\/Thayse-e-Lucas-3.jpg\" \/>\n\t<meta property=\"og:image:width\" content=\"665\" \/>\n\t<meta property=\"og:image:height\" content=\"435\" \/>\n\t<meta property=\"og:image:type\" content=\"image\/jpeg\" \/>\n<meta name=\"author\" content=\"Isabela Nicastro\" \/>\n<meta name=\"twitter:card\" content=\"summary_large_image\" \/>\n<meta name=\"twitter:label1\" content=\"Escrito por\" \/>\n\t<meta name=\"twitter:data1\" content=\"Isabela Nicastro\" \/>\n\t<meta name=\"twitter:label2\" content=\"Est. tempo de leitura\" \/>\n\t<meta name=\"twitter:data2\" content=\"2 minutos\" \/>\n<script type=\"application\/ld+json\" class=\"yoast-schema-graph\">{\"@context\":\"https:\/\/schema.org\",\"@graph\":[{\"@type\":\"WebPage\",\"@id\":\"https:\/\/semtravasnocoracao.com.br\/blog\/2022\/11\/09\/o-amor-flecha-rumo-a-objetivos-em-comum\/\",\"url\":\"https:\/\/semtravasnocoracao.com.br\/blog\/2022\/11\/09\/o-amor-flecha-rumo-a-objetivos-em-comum\/\",\"name\":\"O amor-flecha rumo a objetivos em comum - Sem Travas no Cora\u00e7\u00e3o\",\"isPartOf\":{\"@id\":\"https:\/\/semtravasnocoracao.com.br\/blog\/#website\"},\"datePublished\":\"2022-11-09T20:16:33+00:00\",\"dateModified\":\"2022-11-09T20:16:36+00:00\",\"author\":{\"@id\":\"https:\/\/semtravasnocoracao.com.br\/blog\/#\/schema\/person\/3de16aeeea6fd54ea529162a45515305\"},\"breadcrumb\":{\"@id\":\"https:\/\/semtravasnocoracao.com.br\/blog\/2022\/11\/09\/o-amor-flecha-rumo-a-objetivos-em-comum\/#breadcrumb\"},\"inLanguage\":\"pt-BR\",\"potentialAction\":[{\"@type\":\"ReadAction\",\"target\":[\"https:\/\/semtravasnocoracao.com.br\/blog\/2022\/11\/09\/o-amor-flecha-rumo-a-objetivos-em-comum\/\"]}]},{\"@type\":\"BreadcrumbList\",\"@id\":\"https:\/\/semtravasnocoracao.com.br\/blog\/2022\/11\/09\/o-amor-flecha-rumo-a-objetivos-em-comum\/#breadcrumb\",\"itemListElement\":[{\"@type\":\"ListItem\",\"position\":1,\"name\":\"In\u00edcio\",\"item\":\"https:\/\/semtravasnocoracao.com.br\/blog\/\"},{\"@type\":\"ListItem\",\"position\":2,\"name\":\"O amor-flecha rumo a objetivos em comum\"}]},{\"@type\":\"WebSite\",\"@id\":\"https:\/\/semtravasnocoracao.com.br\/blog\/#website\",\"url\":\"https:\/\/semtravasnocoracao.com.br\/blog\/\",\"name\":\"Sem Travas no Cora\u00e7\u00e3o\",\"description\":\"O cora\u00e7\u00e3o grita. A raz\u00e3o traduz.\",\"potentialAction\":[{\"@type\":\"SearchAction\",\"target\":{\"@type\":\"EntryPoint\",\"urlTemplate\":\"https:\/\/semtravasnocoracao.com.br\/blog\/?s={search_term_string}\"},\"query-input\":\"required name=search_term_string\"}],\"inLanguage\":\"pt-BR\"},{\"@type\":\"Person\",\"@id\":\"https:\/\/semtravasnocoracao.com.br\/blog\/#\/schema\/person\/3de16aeeea6fd54ea529162a45515305\",\"name\":\"Isabela Nicastro\",\"image\":{\"@type\":\"ImageObject\",\"inLanguage\":\"pt-BR\",\"@id\":\"https:\/\/semtravasnocoracao.com.br\/blog\/#\/schema\/person\/image\/\",\"url\":\"https:\/\/secure.gravatar.com\/avatar\/cd52c5458b60708a0f159fd57a35bc35?s=96&d=mm&r=g\",\"contentUrl\":\"https:\/\/secure.gravatar.com\/avatar\/cd52c5458b60708a0f159fd57a35bc35?s=96&d=mm&r=g\",\"caption\":\"Isabela Nicastro\"},\"description\":\"Capricorniana e jornalista. Apaixonada por mar, c\u00e3es e caf\u00e9s da tarde em fam\u00edlia. N\u00e3o dispenso bacon e muito menos uma boa hist\u00f3ria. Meu cora\u00e7\u00e3o \u00e9 intenso e grita mais do que a raz\u00e3o. Tenho o sentimento como guia e a escrita como ferramenta.\",\"sameAs\":[\"https:\/\/semtravasnocoracao.com.br\"],\"url\":\"https:\/\/semtravasnocoracao.com.br\/blog\/author\/isabela-nicastro\/\"}]}<\/script>\n<!-- \/ Yoast SEO plugin. -->","yoast_head_json":{"title":"O amor-flecha rumo a objetivos em comum - Sem Travas no Cora\u00e7\u00e3o","robots":{"index":"index","follow":"follow","max-snippet":"max-snippet:-1","max-image-preview":"max-image-preview:large","max-video-preview":"max-video-preview:-1"},"canonical":"https:\/\/semtravasnocoracao.com.br\/blog\/2022\/11\/09\/o-amor-flecha-rumo-a-objetivos-em-comum\/","og_locale":"pt_BR","og_type":"article","og_title":"O amor-flecha rumo a objetivos em comum - Sem Travas no Cora\u00e7\u00e3o","og_description":"Amor-flecha. \u00c9 essa a met\u00e1fora perfeita para definir o relacionamento desse casal, Lucas e Thayse. E quem me ajudou a encontr\u00e1-la foram os amigos queridos Vin\u00edcius e Camila, que enxergam neles flechas certeiras rumo a um objetivo \u00fanico. Lucas e Thayse s\u00e3o como arco e flecha do amor. Quanto mais empenho e disposi\u00e7\u00e3o colocam no [&hellip;]","og_url":"https:\/\/semtravasnocoracao.com.br\/blog\/2022\/11\/09\/o-amor-flecha-rumo-a-objetivos-em-comum\/","og_site_name":"Sem Travas no Cora\u00e7\u00e3o","article_published_time":"2022-11-09T20:16:33+00:00","article_modified_time":"2022-11-09T20:16:36+00:00","og_image":[{"width":665,"height":435,"url":"https:\/\/semtravasnocoracao.com.br\/blog\/wp-content\/uploads\/2022\/11\/Thayse-e-Lucas-3.jpg","type":"image\/jpeg"}],"author":"Isabela Nicastro","twitter_card":"summary_large_image","twitter_misc":{"Escrito por":"Isabela Nicastro","Est. tempo de leitura":"2 minutos"},"schema":{"@context":"https:\/\/schema.org","@graph":[{"@type":"WebPage","@id":"https:\/\/semtravasnocoracao.com.br\/blog\/2022\/11\/09\/o-amor-flecha-rumo-a-objetivos-em-comum\/","url":"https:\/\/semtravasnocoracao.com.br\/blog\/2022\/11\/09\/o-amor-flecha-rumo-a-objetivos-em-comum\/","name":"O amor-flecha rumo a objetivos em comum - Sem Travas no Cora\u00e7\u00e3o","isPartOf":{"@id":"https:\/\/semtravasnocoracao.com.br\/blog\/#website"},"datePublished":"2022-11-09T20:16:33+00:00","dateModified":"2022-11-09T20:16:36+00:00","author":{"@id":"https:\/\/semtravasnocoracao.com.br\/blog\/#\/schema\/person\/3de16aeeea6fd54ea529162a45515305"},"breadcrumb":{"@id":"https:\/\/semtravasnocoracao.com.br\/blog\/2022\/11\/09\/o-amor-flecha-rumo-a-objetivos-em-comum\/#breadcrumb"},"inLanguage":"pt-BR","potentialAction":[{"@type":"ReadAction","target":["https:\/\/semtravasnocoracao.com.br\/blog\/2022\/11\/09\/o-amor-flecha-rumo-a-objetivos-em-comum\/"]}]},{"@type":"BreadcrumbList","@id":"https:\/\/semtravasnocoracao.com.br\/blog\/2022\/11\/09\/o-amor-flecha-rumo-a-objetivos-em-comum\/#breadcrumb","itemListElement":[{"@type":"ListItem","position":1,"name":"In\u00edcio","item":"https:\/\/semtravasnocoracao.com.br\/blog\/"},{"@type":"ListItem","position":2,"name":"O amor-flecha rumo a objetivos em comum"}]},{"@type":"WebSite","@id":"https:\/\/semtravasnocoracao.com.br\/blog\/#website","url":"https:\/\/semtravasnocoracao.com.br\/blog\/","name":"Sem Travas no Cora\u00e7\u00e3o","description":"O cora\u00e7\u00e3o grita. A raz\u00e3o traduz.","potentialAction":[{"@type":"SearchAction","target":{"@type":"EntryPoint","urlTemplate":"https:\/\/semtravasnocoracao.com.br\/blog\/?s={search_term_string}"},"query-input":"required name=search_term_string"}],"inLanguage":"pt-BR"},{"@type":"Person","@id":"https:\/\/semtravasnocoracao.com.br\/blog\/#\/schema\/person\/3de16aeeea6fd54ea529162a45515305","name":"Isabela Nicastro","image":{"@type":"ImageObject","inLanguage":"pt-BR","@id":"https:\/\/semtravasnocoracao.com.br\/blog\/#\/schema\/person\/image\/","url":"https:\/\/secure.gravatar.com\/avatar\/cd52c5458b60708a0f159fd57a35bc35?s=96&d=mm&r=g","contentUrl":"https:\/\/secure.gravatar.com\/avatar\/cd52c5458b60708a0f159fd57a35bc35?s=96&d=mm&r=g","caption":"Isabela Nicastro"},"description":"Capricorniana e jornalista. Apaixonada por mar, c\u00e3es e caf\u00e9s da tarde em fam\u00edlia. N\u00e3o dispenso bacon e muito menos uma boa hist\u00f3ria. Meu cora\u00e7\u00e3o \u00e9 intenso e grita mais do que a raz\u00e3o. Tenho o sentimento como guia e a escrita como ferramenta.","sameAs":["https:\/\/semtravasnocoracao.com.br"],"url":"https:\/\/semtravasnocoracao.com.br\/blog\/author\/isabela-nicastro\/"}]}},"jetpack_sharing_enabled":true,"jetpack_featured_media_url":"https:\/\/i0.wp.com\/semtravasnocoracao.com.br\/blog\/wp-content\/uploads\/2022\/11\/Thayse-e-Lucas-3.jpg?fit=665%2C435&ssl=1","_links":{"self":[{"href":"https:\/\/semtravasnocoracao.com.br\/blog\/wp-json\/wp\/v2\/posts\/2787"}],"collection":[{"href":"https:\/\/semtravasnocoracao.com.br\/blog\/wp-json\/wp\/v2\/posts"}],"about":[{"href":"https:\/\/semtravasnocoracao.com.br\/blog\/wp-json\/wp\/v2\/types\/post"}],"author":[{"embeddable":true,"href":"https:\/\/semtravasnocoracao.com.br\/blog\/wp-json\/wp\/v2\/users\/2"}],"replies":[{"embeddable":true,"href":"https:\/\/semtravasnocoracao.com.br\/blog\/wp-json\/wp\/v2\/comments?post=2787"}],"version-history":[{"count":1,"href":"https:\/\/semtravasnocoracao.com.br\/blog\/wp-json\/wp\/v2\/posts\/2787\/revisions"}],"predecessor-version":[{"id":2793,"href":"https:\/\/semtravasnocoracao.com.br\/blog\/wp-json\/wp\/v2\/posts\/2787\/revisions\/2793"}],"wp:featuredmedia":[{"embeddable":true,"href":"https:\/\/semtravasnocoracao.com.br\/blog\/wp-json\/wp\/v2\/media\/2792"}],"wp:attachment":[{"href":"https:\/\/semtravasnocoracao.com.br\/blog\/wp-json\/wp\/v2\/media?parent=2787"}],"wp:term":[{"taxonomy":"category","embeddable":true,"href":"https:\/\/semtravasnocoracao.com.br\/blog\/wp-json\/wp\/v2\/categories?post=2787"},{"taxonomy":"post_tag","embeddable":true,"href":"https:\/\/semtravasnocoracao.com.br\/blog\/wp-json\/wp\/v2\/tags?post=2787"}],"curies":[{"name":"wp","href":"https:\/\/api.w.org\/{rel}","templated":true}]}}