{"id":2819,"date":"2022-12-06T17:17:28","date_gmt":"2022-12-06T20:17:28","guid":{"rendered":"https:\/\/semtravasnocoracao.com.br\/blog\/?p=2819"},"modified":"2022-12-06T17:25:02","modified_gmt":"2022-12-06T20:25:02","slug":"um-reencontro-de-almas-de-coracoes-de-vidas","status":"publish","type":"post","link":"https:\/\/semtravasnocoracao.com.br\/blog\/2022\/12\/06\/um-reencontro-de-almas-de-coracoes-de-vidas\/","title":{"rendered":"Um reencontro de almas, de cora\u00e7\u00f5es, de vidas"},"content":{"rendered":"\n<p>Amor-reencontro. De almas, de cora\u00e7\u00f5es, de vidas. \u00c9 essa a palavra que melhor define o relacionamento desse casal, Renato e L\u00edvia. Desde quando se conheceram, sentiram que j\u00e1 eram pr\u00f3ximos um do outro h\u00e1 muito tempo. Em tr\u00eas anos de relacionamento, j\u00e1 parecem ter vivido dez, diante de tanta partilha, intimidade e experi\u00eancias trocadas.<\/p>\n\n\n\n<p>Eles, de fato, se reencontraram. E, longe de ser mais um clich\u00ea sobre hist\u00f3rias de amor, o reencontro deles \u00e9 percept\u00edvel a qualquer pessoa que conviva ou at\u00e9 mesmo converse poucos minutos com esse casal.<\/p>\n\n\n\n<p>Um reencontro se d\u00e1 pela sensa\u00e7\u00e3o de pertencimento, de redescobrimento. Renato e Livia viveram tanta coisa antes de se reencontrarem, que todas elas foram necess\u00e1rias para que chegassem at\u00e9 o outro.<\/p>\n\n\n\n<p>Quando se reencontraram, encontraram tamb\u00e9m o lar. Lar esse, que faz do peito um do outro, a grande morada. Quando est\u00e3o juntos, se sentem em casa, preenchidos de amor e gratid\u00e3o. T\u00eam a sensa\u00e7\u00e3o de colo, de estar em paz.<\/p>\n\n\n\n<p>Por isso, reencontro \u00e9 a palavra que realmente os define. Eles precisaram se reencontrar para que pudessem encontrar o lugar deles no mundo, o real prop\u00f3sito de estar vivo, de amar e de ser amado.&nbsp;Inventaram a forma mais bela de criar ra\u00edzes: nos bra\u00e7os um do outro. Podem desbravar o mundo, subir as trilhas mais altas e sinuosas, mas juntos ser\u00e3o sempre mais fortes.<\/p>\n\n\n\n<p>As ra\u00edzes criadas nos bra\u00e7os deles lhes trar\u00e3o resist\u00eancia e resili\u00eancia. Os levar\u00e3o para onde quiserem, mas sabiamente mostrar\u00e3o que o lar est\u00e1 neles mesmos. Renato e Livia s\u00e3o morada um do outro.&nbsp;<\/p>\n\n\n<div class=\"wp-block-image\">\n<figure class=\"aligncenter size-full\"><img loading=\"lazy\" decoding=\"async\" width=\"500\" height=\"700\" src=\"https:\/\/i0.wp.com\/semtravasnocoracao.com.br\/blog\/wp-content\/uploads\/2022\/12\/Livia-e-Renato-2.jpg?resize=500%2C700&#038;ssl=1\" alt=\"\" class=\"wp-image-2820\" srcset=\"https:\/\/i0.wp.com\/semtravasnocoracao.com.br\/blog\/wp-content\/uploads\/2022\/12\/Livia-e-Renato-2.jpg?w=500&amp;ssl=1 500w, https:\/\/i0.wp.com\/semtravasnocoracao.com.br\/blog\/wp-content\/uploads\/2022\/12\/Livia-e-Renato-2.jpg?resize=214%2C300&amp;ssl=1 214w\" sizes=\"(max-width: 500px) 100vw, 500px\" data-recalc-dims=\"1\" \/><\/figure><\/div>\n\n<div class=\"wp-block-image\">\n<figure class=\"aligncenter size-full\"><img loading=\"lazy\" decoding=\"async\" width=\"500\" height=\"700\" src=\"https:\/\/i0.wp.com\/semtravasnocoracao.com.br\/blog\/wp-content\/uploads\/2022\/12\/Livia-e-Renato-3.jpg?resize=500%2C700&#038;ssl=1\" alt=\"\" class=\"wp-image-2821\" srcset=\"https:\/\/i0.wp.com\/semtravasnocoracao.com.br\/blog\/wp-content\/uploads\/2022\/12\/Livia-e-Renato-3.jpg?w=500&amp;ssl=1 500w, https:\/\/i0.wp.com\/semtravasnocoracao.com.br\/blog\/wp-content\/uploads\/2022\/12\/Livia-e-Renato-3.jpg?resize=214%2C300&amp;ssl=1 214w\" sizes=\"(max-width: 500px) 100vw, 500px\" data-recalc-dims=\"1\" \/><\/figure><\/div>\n\n<div class=\"wp-block-image\">\n<figure class=\"aligncenter size-full\"><img loading=\"lazy\" decoding=\"async\" width=\"500\" height=\"700\" src=\"https:\/\/i0.wp.com\/semtravasnocoracao.com.br\/blog\/wp-content\/uploads\/2022\/12\/Livia-e-Renato-4.jpg?resize=500%2C700&#038;ssl=1\" alt=\"\" class=\"wp-image-2822\" srcset=\"https:\/\/i0.wp.com\/semtravasnocoracao.com.br\/blog\/wp-content\/uploads\/2022\/12\/Livia-e-Renato-4.jpg?w=500&amp;ssl=1 500w, https:\/\/i0.wp.com\/semtravasnocoracao.com.br\/blog\/wp-content\/uploads\/2022\/12\/Livia-e-Renato-4.jpg?resize=214%2C300&amp;ssl=1 214w\" sizes=\"(max-width: 500px) 100vw, 500px\" data-recalc-dims=\"1\" \/><\/figure><\/div>\n\n<div class=\"wp-block-image\">\n<figure class=\"aligncenter size-full\"><img loading=\"lazy\" decoding=\"async\" width=\"500\" height=\"700\" src=\"https:\/\/i0.wp.com\/semtravasnocoracao.com.br\/blog\/wp-content\/uploads\/2022\/12\/Livia-e-Renato-5.jpg?resize=500%2C700&#038;ssl=1\" alt=\"\" class=\"wp-image-2823\" srcset=\"https:\/\/i0.wp.com\/semtravasnocoracao.com.br\/blog\/wp-content\/uploads\/2022\/12\/Livia-e-Renato-5.jpg?w=500&amp;ssl=1 500w, https:\/\/i0.wp.com\/semtravasnocoracao.com.br\/blog\/wp-content\/uploads\/2022\/12\/Livia-e-Renato-5.jpg?resize=214%2C300&amp;ssl=1 214w\" sizes=\"(max-width: 500px) 100vw, 500px\" data-recalc-dims=\"1\" \/><\/figure><\/div>\n\n\n<figure class=\"wp-block-embed is-type-video is-provider-youtube wp-block-embed-youtube wp-embed-aspect-16-9 wp-has-aspect-ratio\"><div class=\"wp-block-embed__wrapper\">\n<iframe loading=\"lazy\" title=\"Cerim\u00f4nia personalizada para L\u00edvia e Renato - Moress Fazenda - Londrina (PR)\" width=\"1170\" height=\"658\" src=\"https:\/\/www.youtube.com\/embed\/y7K4Ha3Ndh8?feature=oembed\" frameborder=\"0\" allow=\"accelerometer; autoplay; clipboard-write; encrypted-media; gyroscope; picture-in-picture\" allowfullscreen><\/iframe>\n<\/div><\/figure>\n\n\n\n<p>[Trecho da cerim\u00f4nia personalizada para Renato e Livia, no Moress Fazenda, em Londrina (PR). Texto e celebra\u00e7\u00e3o por mim, Isa, da&nbsp;<a href=\"http:\/\/www.semtravasnocoracao.com.br\/\">Sem Travas no Cora\u00e7\u00e3o<\/a>.<\/p>\n\n\n\n<p>Fotos: Assistente de m\u00eddias da Sem Travas no Cora\u00e7\u00e3o<\/p>\n\n\n\n<p>V\u00eddeo: <a href=\"https:\/\/www.instagram.com\/superoitofilmes\/\">Super Oito Filmes<\/a><\/p>\n\n\n\n<p>\u2013<\/p>\n\n\n\n<p>Leia tamb\u00e9m: O amor-flecha rumo a objetivos em comum. Clique <a href=\"https:\/\/semtravasnocoracao.com.br\/blog\/2022\/11\/09\/o-amor-flecha-rumo-a-objetivos-em-comum\/\">aqui<\/a>! <\/p>\n","protected":false},"excerpt":{"rendered":"<p>Amor-reencontro. De almas, de cora\u00e7\u00f5es, de vidas. \u00c9 essa a palavra que melhor define o relacionamento desse casal, Renato e L\u00edvia. Desde quando se conheceram, sentiram que j\u00e1 eram pr\u00f3ximos um do outro h\u00e1 muito tempo. Em tr\u00eas anos de relacionamento, j\u00e1 parecem ter vivido dez, diante de tanta partilha, intimidade e experi\u00eancias trocadas. Eles, [&hellip;]<\/p>\n","protected":false},"author":2,"featured_media":2826,"comment_status":"open","ping_status":"open","sticky":false,"template":"","format":"standard","meta":{"footnotes":"","_jetpack_memberships_contains_paid_content":false},"categories":[425],"tags":[352],"yoast_head":"<!-- This site is optimized with the Yoast SEO plugin v21.8 - https:\/\/yoast.com\/wordpress\/plugins\/seo\/ -->\n<title>Um reencontro de almas, de cora\u00e7\u00f5es, de vidas - Sem Travas no Cora\u00e7\u00e3o<\/title>\n<meta name=\"robots\" content=\"index, follow, max-snippet:-1, max-image-preview:large, max-video-preview:-1\" \/>\n<link rel=\"canonical\" href=\"https:\/\/semtravasnocoracao.com.br\/blog\/2022\/12\/06\/um-reencontro-de-almas-de-coracoes-de-vidas\/\" \/>\n<meta property=\"og:locale\" content=\"pt_BR\" \/>\n<meta property=\"og:type\" content=\"article\" \/>\n<meta property=\"og:title\" content=\"Um reencontro de almas, de cora\u00e7\u00f5es, de vidas - Sem Travas no Cora\u00e7\u00e3o\" \/>\n<meta property=\"og:description\" content=\"Amor-reencontro. De almas, de cora\u00e7\u00f5es, de vidas. \u00c9 essa a palavra que melhor define o relacionamento desse casal, Renato e L\u00edvia. Desde quando se conheceram, sentiram que j\u00e1 eram pr\u00f3ximos um do outro h\u00e1 muito tempo. Em tr\u00eas anos de relacionamento, j\u00e1 parecem ter vivido dez, diante de tanta partilha, intimidade e experi\u00eancias trocadas. Eles, [&hellip;]\" \/>\n<meta property=\"og:url\" content=\"https:\/\/semtravasnocoracao.com.br\/blog\/2022\/12\/06\/um-reencontro-de-almas-de-coracoes-de-vidas\/\" \/>\n<meta property=\"og:site_name\" content=\"Sem Travas no Cora\u00e7\u00e3o\" \/>\n<meta property=\"article:published_time\" content=\"2022-12-06T20:17:28+00:00\" \/>\n<meta property=\"article:modified_time\" content=\"2022-12-06T20:25:02+00:00\" \/>\n<meta property=\"og:image\" content=\"https:\/\/semtravasnocoracao.com.br\/blog\/wp-content\/uploads\/2022\/12\/Livia-e-Renato-1.jpg\" \/>\n\t<meta property=\"og:image:width\" content=\"665\" \/>\n\t<meta property=\"og:image:height\" content=\"435\" \/>\n\t<meta property=\"og:image:type\" content=\"image\/jpeg\" \/>\n<meta name=\"author\" content=\"Isabela Nicastro\" \/>\n<meta name=\"twitter:card\" content=\"summary_large_image\" \/>\n<meta name=\"twitter:label1\" content=\"Escrito por\" \/>\n\t<meta name=\"twitter:data1\" content=\"Isabela Nicastro\" \/>\n\t<meta name=\"twitter:label2\" content=\"Est. tempo de leitura\" \/>\n\t<meta name=\"twitter:data2\" content=\"3 minutos\" \/>\n<script type=\"application\/ld+json\" class=\"yoast-schema-graph\">{\"@context\":\"https:\/\/schema.org\",\"@graph\":[{\"@type\":\"WebPage\",\"@id\":\"https:\/\/semtravasnocoracao.com.br\/blog\/2022\/12\/06\/um-reencontro-de-almas-de-coracoes-de-vidas\/\",\"url\":\"https:\/\/semtravasnocoracao.com.br\/blog\/2022\/12\/06\/um-reencontro-de-almas-de-coracoes-de-vidas\/\",\"name\":\"Um reencontro de almas, de cora\u00e7\u00f5es, de vidas - Sem Travas no Cora\u00e7\u00e3o\",\"isPartOf\":{\"@id\":\"https:\/\/semtravasnocoracao.com.br\/blog\/#website\"},\"datePublished\":\"2022-12-06T20:17:28+00:00\",\"dateModified\":\"2022-12-06T20:25:02+00:00\",\"author\":{\"@id\":\"https:\/\/semtravasnocoracao.com.br\/blog\/#\/schema\/person\/3de16aeeea6fd54ea529162a45515305\"},\"breadcrumb\":{\"@id\":\"https:\/\/semtravasnocoracao.com.br\/blog\/2022\/12\/06\/um-reencontro-de-almas-de-coracoes-de-vidas\/#breadcrumb\"},\"inLanguage\":\"pt-BR\",\"potentialAction\":[{\"@type\":\"ReadAction\",\"target\":[\"https:\/\/semtravasnocoracao.com.br\/blog\/2022\/12\/06\/um-reencontro-de-almas-de-coracoes-de-vidas\/\"]}]},{\"@type\":\"BreadcrumbList\",\"@id\":\"https:\/\/semtravasnocoracao.com.br\/blog\/2022\/12\/06\/um-reencontro-de-almas-de-coracoes-de-vidas\/#breadcrumb\",\"itemListElement\":[{\"@type\":\"ListItem\",\"position\":1,\"name\":\"In\u00edcio\",\"item\":\"https:\/\/semtravasnocoracao.com.br\/blog\/\"},{\"@type\":\"ListItem\",\"position\":2,\"name\":\"Um reencontro de almas, de cora\u00e7\u00f5es, de vidas\"}]},{\"@type\":\"WebSite\",\"@id\":\"https:\/\/semtravasnocoracao.com.br\/blog\/#website\",\"url\":\"https:\/\/semtravasnocoracao.com.br\/blog\/\",\"name\":\"Sem Travas no Cora\u00e7\u00e3o\",\"description\":\"O cora\u00e7\u00e3o grita. A raz\u00e3o traduz.\",\"potentialAction\":[{\"@type\":\"SearchAction\",\"target\":{\"@type\":\"EntryPoint\",\"urlTemplate\":\"https:\/\/semtravasnocoracao.com.br\/blog\/?s={search_term_string}\"},\"query-input\":\"required name=search_term_string\"}],\"inLanguage\":\"pt-BR\"},{\"@type\":\"Person\",\"@id\":\"https:\/\/semtravasnocoracao.com.br\/blog\/#\/schema\/person\/3de16aeeea6fd54ea529162a45515305\",\"name\":\"Isabela Nicastro\",\"image\":{\"@type\":\"ImageObject\",\"inLanguage\":\"pt-BR\",\"@id\":\"https:\/\/semtravasnocoracao.com.br\/blog\/#\/schema\/person\/image\/\",\"url\":\"https:\/\/secure.gravatar.com\/avatar\/cd52c5458b60708a0f159fd57a35bc35?s=96&d=mm&r=g\",\"contentUrl\":\"https:\/\/secure.gravatar.com\/avatar\/cd52c5458b60708a0f159fd57a35bc35?s=96&d=mm&r=g\",\"caption\":\"Isabela Nicastro\"},\"description\":\"Capricorniana e jornalista. Apaixonada por mar, c\u00e3es e caf\u00e9s da tarde em fam\u00edlia. N\u00e3o dispenso bacon e muito menos uma boa hist\u00f3ria. Meu cora\u00e7\u00e3o \u00e9 intenso e grita mais do que a raz\u00e3o. Tenho o sentimento como guia e a escrita como ferramenta.\",\"sameAs\":[\"https:\/\/semtravasnocoracao.com.br\"],\"url\":\"https:\/\/semtravasnocoracao.com.br\/blog\/author\/isabela-nicastro\/\"}]}<\/script>\n<!-- \/ Yoast SEO plugin. -->","yoast_head_json":{"title":"Um reencontro de almas, de cora\u00e7\u00f5es, de vidas - Sem Travas no Cora\u00e7\u00e3o","robots":{"index":"index","follow":"follow","max-snippet":"max-snippet:-1","max-image-preview":"max-image-preview:large","max-video-preview":"max-video-preview:-1"},"canonical":"https:\/\/semtravasnocoracao.com.br\/blog\/2022\/12\/06\/um-reencontro-de-almas-de-coracoes-de-vidas\/","og_locale":"pt_BR","og_type":"article","og_title":"Um reencontro de almas, de cora\u00e7\u00f5es, de vidas - Sem Travas no Cora\u00e7\u00e3o","og_description":"Amor-reencontro. De almas, de cora\u00e7\u00f5es, de vidas. \u00c9 essa a palavra que melhor define o relacionamento desse casal, Renato e L\u00edvia. Desde quando se conheceram, sentiram que j\u00e1 eram pr\u00f3ximos um do outro h\u00e1 muito tempo. Em tr\u00eas anos de relacionamento, j\u00e1 parecem ter vivido dez, diante de tanta partilha, intimidade e experi\u00eancias trocadas. Eles, [&hellip;]","og_url":"https:\/\/semtravasnocoracao.com.br\/blog\/2022\/12\/06\/um-reencontro-de-almas-de-coracoes-de-vidas\/","og_site_name":"Sem Travas no Cora\u00e7\u00e3o","article_published_time":"2022-12-06T20:17:28+00:00","article_modified_time":"2022-12-06T20:25:02+00:00","og_image":[{"width":665,"height":435,"url":"https:\/\/semtravasnocoracao.com.br\/blog\/wp-content\/uploads\/2022\/12\/Livia-e-Renato-1.jpg","type":"image\/jpeg"}],"author":"Isabela Nicastro","twitter_card":"summary_large_image","twitter_misc":{"Escrito por":"Isabela Nicastro","Est. tempo de leitura":"3 minutos"},"schema":{"@context":"https:\/\/schema.org","@graph":[{"@type":"WebPage","@id":"https:\/\/semtravasnocoracao.com.br\/blog\/2022\/12\/06\/um-reencontro-de-almas-de-coracoes-de-vidas\/","url":"https:\/\/semtravasnocoracao.com.br\/blog\/2022\/12\/06\/um-reencontro-de-almas-de-coracoes-de-vidas\/","name":"Um reencontro de almas, de cora\u00e7\u00f5es, de vidas - Sem Travas no Cora\u00e7\u00e3o","isPartOf":{"@id":"https:\/\/semtravasnocoracao.com.br\/blog\/#website"},"datePublished":"2022-12-06T20:17:28+00:00","dateModified":"2022-12-06T20:25:02+00:00","author":{"@id":"https:\/\/semtravasnocoracao.com.br\/blog\/#\/schema\/person\/3de16aeeea6fd54ea529162a45515305"},"breadcrumb":{"@id":"https:\/\/semtravasnocoracao.com.br\/blog\/2022\/12\/06\/um-reencontro-de-almas-de-coracoes-de-vidas\/#breadcrumb"},"inLanguage":"pt-BR","potentialAction":[{"@type":"ReadAction","target":["https:\/\/semtravasnocoracao.com.br\/blog\/2022\/12\/06\/um-reencontro-de-almas-de-coracoes-de-vidas\/"]}]},{"@type":"BreadcrumbList","@id":"https:\/\/semtravasnocoracao.com.br\/blog\/2022\/12\/06\/um-reencontro-de-almas-de-coracoes-de-vidas\/#breadcrumb","itemListElement":[{"@type":"ListItem","position":1,"name":"In\u00edcio","item":"https:\/\/semtravasnocoracao.com.br\/blog\/"},{"@type":"ListItem","position":2,"name":"Um reencontro de almas, de cora\u00e7\u00f5es, de vidas"}]},{"@type":"WebSite","@id":"https:\/\/semtravasnocoracao.com.br\/blog\/#website","url":"https:\/\/semtravasnocoracao.com.br\/blog\/","name":"Sem Travas no Cora\u00e7\u00e3o","description":"O cora\u00e7\u00e3o grita. A raz\u00e3o traduz.","potentialAction":[{"@type":"SearchAction","target":{"@type":"EntryPoint","urlTemplate":"https:\/\/semtravasnocoracao.com.br\/blog\/?s={search_term_string}"},"query-input":"required name=search_term_string"}],"inLanguage":"pt-BR"},{"@type":"Person","@id":"https:\/\/semtravasnocoracao.com.br\/blog\/#\/schema\/person\/3de16aeeea6fd54ea529162a45515305","name":"Isabela Nicastro","image":{"@type":"ImageObject","inLanguage":"pt-BR","@id":"https:\/\/semtravasnocoracao.com.br\/blog\/#\/schema\/person\/image\/","url":"https:\/\/secure.gravatar.com\/avatar\/cd52c5458b60708a0f159fd57a35bc35?s=96&d=mm&r=g","contentUrl":"https:\/\/secure.gravatar.com\/avatar\/cd52c5458b60708a0f159fd57a35bc35?s=96&d=mm&r=g","caption":"Isabela Nicastro"},"description":"Capricorniana e jornalista. Apaixonada por mar, c\u00e3es e caf\u00e9s da tarde em fam\u00edlia. N\u00e3o dispenso bacon e muito menos uma boa hist\u00f3ria. Meu cora\u00e7\u00e3o \u00e9 intenso e grita mais do que a raz\u00e3o. Tenho o sentimento como guia e a escrita como ferramenta.","sameAs":["https:\/\/semtravasnocoracao.com.br"],"url":"https:\/\/semtravasnocoracao.com.br\/blog\/author\/isabela-nicastro\/"}]}},"jetpack_sharing_enabled":true,"jetpack_featured_media_url":"https:\/\/i0.wp.com\/semtravasnocoracao.com.br\/blog\/wp-content\/uploads\/2022\/12\/Livia-e-Renato-1.jpg?fit=665%2C435&ssl=1","_links":{"self":[{"href":"https:\/\/semtravasnocoracao.com.br\/blog\/wp-json\/wp\/v2\/posts\/2819"}],"collection":[{"href":"https:\/\/semtravasnocoracao.com.br\/blog\/wp-json\/wp\/v2\/posts"}],"about":[{"href":"https:\/\/semtravasnocoracao.com.br\/blog\/wp-json\/wp\/v2\/types\/post"}],"author":[{"embeddable":true,"href":"https:\/\/semtravasnocoracao.com.br\/blog\/wp-json\/wp\/v2\/users\/2"}],"replies":[{"embeddable":true,"href":"https:\/\/semtravasnocoracao.com.br\/blog\/wp-json\/wp\/v2\/comments?post=2819"}],"version-history":[{"count":2,"href":"https:\/\/semtravasnocoracao.com.br\/blog\/wp-json\/wp\/v2\/posts\/2819\/revisions"}],"predecessor-version":[{"id":2827,"href":"https:\/\/semtravasnocoracao.com.br\/blog\/wp-json\/wp\/v2\/posts\/2819\/revisions\/2827"}],"wp:featuredmedia":[{"embeddable":true,"href":"https:\/\/semtravasnocoracao.com.br\/blog\/wp-json\/wp\/v2\/media\/2826"}],"wp:attachment":[{"href":"https:\/\/semtravasnocoracao.com.br\/blog\/wp-json\/wp\/v2\/media?parent=2819"}],"wp:term":[{"taxonomy":"category","embeddable":true,"href":"https:\/\/semtravasnocoracao.com.br\/blog\/wp-json\/wp\/v2\/categories?post=2819"},{"taxonomy":"post_tag","embeddable":true,"href":"https:\/\/semtravasnocoracao.com.br\/blog\/wp-json\/wp\/v2\/tags?post=2819"}],"curies":[{"name":"wp","href":"https:\/\/api.w.org\/{rel}","templated":true}]}}