{"id":955,"date":"2016-05-10T21:00:02","date_gmt":"2016-05-11T00:00:02","guid":{"rendered":"http:\/\/semtravasnocoracao.com.br\/?p=955"},"modified":"2016-07-17T22:28:32","modified_gmt":"2016-07-18T01:28:32","slug":"moca-nao-e-apenas-coisa-da-sua-cabeca","status":"publish","type":"post","link":"https:\/\/semtravasnocoracao.com.br\/blog\/2016\/05\/10\/moca-nao-e-apenas-coisa-da-sua-cabeca\/","title":{"rendered":"Mo\u00e7a, n\u00e3o \u00e9 apenas coisa da sua cabe\u00e7a"},"content":{"rendered":"<p>N\u00e3o, n\u00e3o \u00e9. Se voc\u00ea sente que h\u00e1 algo errado, pode realmente haver. Se voc\u00ea se sente coagida, pode ser que realmente esteja sendo. Se acredita que ele n\u00e3o est\u00e1 t\u00e3o afim quanto voc\u00ea, ele pode mesmo n\u00e3o estar. Se percebe que \u00e9 a segunda op\u00e7\u00e3o dele, \u00e9 porque, possivelmente, h\u00e1 demonstra\u00e7\u00f5es reais disso. Se ele te trata com menos carinho do que voc\u00ea acha que merece, \u00e9 porque voc\u00ea, definitivamente, merece mais. No fundo, voc\u00ea sabe. E, na maioria das vezes, n\u00e3o \u00e9 apenas uma mera cria\u00e7\u00e3o da sua cabe\u00e7a.<\/p>\n<p>S\u00f3 voc\u00ea sabe o que sente. S\u00f3 voc\u00ea sabe quais atitudes te magoam, o que te tira do s\u00e9rio, e o que voc\u00ea n\u00e3o poderia suportar. Mas, infelizmente, voc\u00ea acaba suportando. Acaba aceitando mesmo o que te deixa mal, afinal, pode ser apenas encana\u00e7\u00e3o sua. Coisa da sua incr\u00edvel cabecinha, que insiste em criar mil coisas que podem n\u00e3o ser reais.<\/p>\n<p>Tudo bem, algumas coisas podem mesmo n\u00e3o ser. No entanto, a partir do momento que elas est\u00e3o presentes nos seus pensamentos, h\u00e1 motivos reais para elas estarem ali. Voc\u00ea n\u00e3o \u00e9 a louca que querem que voc\u00ea acredite. Voc\u00ea sabe muito bem o que tem te feito mal, mo\u00e7a. E, por mais que voc\u00ea n\u00e3o queira aceitar ou por mais esfor\u00e7os que fa\u00e7am para que voc\u00ea n\u00e3o enxergue, no fundo, voc\u00ea sabe. Ou melhor, voc\u00ea sente. E o sentimento \u00e9 a prova viva de que n\u00e3o \u00e9 apenas coisa da sua cabe\u00e7a.<\/p>\n<p>Ent\u00e3o, mo\u00e7a, trate de se valorizar. Mais do que um conselho, isso \u00e9 uma ordem. Trate de dar aten\u00e7\u00e3o ao que voc\u00ea sente e ao que a sua cabe\u00e7a indica. Se ela indica, \u00e9 porque ela sabe bem a dire\u00e7\u00e3o a seguir. Lembre-se: voc\u00ea n\u00e3o \u00e9 louca, porque s\u00f3 voc\u00ea pode saber o que sente. A partir do momento em que voc\u00ea der a aten\u00e7\u00e3o devida \u00e0s suas emo\u00e7\u00f5es, ter\u00e1 certeza de que as coisas n\u00e3o s\u00e3o apenas da sua cabe\u00e7a.<\/p>\n<p>Voc\u00ea encontrar\u00e1 evid\u00eancias reais do que imagina. E saber\u00e1 muito bem como lidar com elas. Voc\u00ea \u00e9 segura o suficiente para tomar decis\u00f5es e para banc\u00e1-las. Coragem!<\/p>\n<p>&#8211;<\/p>\n<p>Afinal, voc\u00ea n\u00e3o precisa de um guia. Leia<a href=\"https:\/\/semtravasnalingua.com.br\/2016\/04\/20\/ela-nao-precisa-de-um-guia\/\"> aqui<\/a>.<\/p>\n","protected":false},"excerpt":{"rendered":"<p>N\u00e3o, n\u00e3o \u00e9. Se voc\u00ea sente que h\u00e1 algo errado, pode realmente haver. Se voc\u00ea se sente coagida, pode ser que realmente esteja sendo. Se acredita que ele n\u00e3o est\u00e1 t\u00e3o afim quanto voc\u00ea, ele pode mesmo n\u00e3o estar. Se percebe que \u00e9 a segunda op\u00e7\u00e3o dele, \u00e9 porque, possivelmente, h\u00e1 demonstra\u00e7\u00f5es reais disso. Se [&hellip;]<\/p>\n","protected":false},"author":2,"featured_media":958,"comment_status":"open","ping_status":"open","sticky":false,"template":"","format":"standard","meta":{"footnotes":"","_jetpack_memberships_contains_paid_content":false},"categories":[54],"tags":[162,156,60,109,101,141,123,140,56],"yoast_head":"<!-- This site is optimized with the Yoast SEO plugin v21.8 - https:\/\/yoast.com\/wordpress\/plugins\/seo\/ -->\n<title>Mo\u00e7a, n\u00e3o \u00e9 apenas coisa da sua cabe\u00e7a - Sem Travas no Cora\u00e7\u00e3o<\/title>\n<meta name=\"robots\" content=\"index, follow, max-snippet:-1, max-image-preview:large, max-video-preview:-1\" \/>\n<link rel=\"canonical\" href=\"https:\/\/semtravasnocoracao.com.br\/blog\/2016\/05\/10\/moca-nao-e-apenas-coisa-da-sua-cabeca\/\" \/>\n<meta property=\"og:locale\" content=\"pt_BR\" \/>\n<meta property=\"og:type\" content=\"article\" \/>\n<meta property=\"og:title\" content=\"Mo\u00e7a, n\u00e3o \u00e9 apenas coisa da sua cabe\u00e7a - Sem Travas no Cora\u00e7\u00e3o\" \/>\n<meta property=\"og:description\" content=\"N\u00e3o, n\u00e3o \u00e9. Se voc\u00ea sente que h\u00e1 algo errado, pode realmente haver. Se voc\u00ea se sente coagida, pode ser que realmente esteja sendo. Se acredita que ele n\u00e3o est\u00e1 t\u00e3o afim quanto voc\u00ea, ele pode mesmo n\u00e3o estar. Se percebe que \u00e9 a segunda op\u00e7\u00e3o dele, \u00e9 porque, possivelmente, h\u00e1 demonstra\u00e7\u00f5es reais disso. Se [&hellip;]\" \/>\n<meta property=\"og:url\" content=\"https:\/\/semtravasnocoracao.com.br\/blog\/2016\/05\/10\/moca-nao-e-apenas-coisa-da-sua-cabeca\/\" \/>\n<meta property=\"og:site_name\" content=\"Sem Travas no Cora\u00e7\u00e3o\" \/>\n<meta property=\"article:published_time\" content=\"2016-05-11T00:00:02+00:00\" \/>\n<meta property=\"article:modified_time\" content=\"2016-07-18T01:28:32+00:00\" \/>\n<meta property=\"og:image\" content=\"https:\/\/semtravasnocoracao.com.br\/blog\/wp-content\/uploads\/2016\/05\/praia.png\" \/>\n\t<meta property=\"og:image:width\" content=\"660\" \/>\n\t<meta property=\"og:image:height\" content=\"442\" \/>\n\t<meta property=\"og:image:type\" content=\"image\/png\" \/>\n<meta name=\"author\" content=\"Isabela Nicastro\" \/>\n<meta name=\"twitter:card\" content=\"summary_large_image\" \/>\n<meta name=\"twitter:label1\" content=\"Escrito por\" \/>\n\t<meta name=\"twitter:data1\" content=\"Isabela Nicastro\" \/>\n\t<meta name=\"twitter:label2\" content=\"Est. tempo de leitura\" \/>\n\t<meta name=\"twitter:data2\" content=\"2 minutos\" \/>\n<script type=\"application\/ld+json\" class=\"yoast-schema-graph\">{\"@context\":\"https:\/\/schema.org\",\"@graph\":[{\"@type\":\"WebPage\",\"@id\":\"https:\/\/semtravasnocoracao.com.br\/blog\/2016\/05\/10\/moca-nao-e-apenas-coisa-da-sua-cabeca\/\",\"url\":\"https:\/\/semtravasnocoracao.com.br\/blog\/2016\/05\/10\/moca-nao-e-apenas-coisa-da-sua-cabeca\/\",\"name\":\"Mo\u00e7a, n\u00e3o \u00e9 apenas coisa da sua cabe\u00e7a - Sem Travas no Cora\u00e7\u00e3o\",\"isPartOf\":{\"@id\":\"https:\/\/semtravasnocoracao.com.br\/blog\/#website\"},\"datePublished\":\"2016-05-11T00:00:02+00:00\",\"dateModified\":\"2016-07-18T01:28:32+00:00\",\"author\":{\"@id\":\"https:\/\/semtravasnocoracao.com.br\/blog\/#\/schema\/person\/3de16aeeea6fd54ea529162a45515305\"},\"breadcrumb\":{\"@id\":\"https:\/\/semtravasnocoracao.com.br\/blog\/2016\/05\/10\/moca-nao-e-apenas-coisa-da-sua-cabeca\/#breadcrumb\"},\"inLanguage\":\"pt-BR\",\"potentialAction\":[{\"@type\":\"ReadAction\",\"target\":[\"https:\/\/semtravasnocoracao.com.br\/blog\/2016\/05\/10\/moca-nao-e-apenas-coisa-da-sua-cabeca\/\"]}]},{\"@type\":\"BreadcrumbList\",\"@id\":\"https:\/\/semtravasnocoracao.com.br\/blog\/2016\/05\/10\/moca-nao-e-apenas-coisa-da-sua-cabeca\/#breadcrumb\",\"itemListElement\":[{\"@type\":\"ListItem\",\"position\":1,\"name\":\"In\u00edcio\",\"item\":\"https:\/\/semtravasnocoracao.com.br\/blog\/\"},{\"@type\":\"ListItem\",\"position\":2,\"name\":\"Mo\u00e7a, n\u00e3o \u00e9 apenas coisa da sua cabe\u00e7a\"}]},{\"@type\":\"WebSite\",\"@id\":\"https:\/\/semtravasnocoracao.com.br\/blog\/#website\",\"url\":\"https:\/\/semtravasnocoracao.com.br\/blog\/\",\"name\":\"Sem Travas no Cora\u00e7\u00e3o\",\"description\":\"O cora\u00e7\u00e3o grita. A raz\u00e3o traduz.\",\"potentialAction\":[{\"@type\":\"SearchAction\",\"target\":{\"@type\":\"EntryPoint\",\"urlTemplate\":\"https:\/\/semtravasnocoracao.com.br\/blog\/?s={search_term_string}\"},\"query-input\":\"required name=search_term_string\"}],\"inLanguage\":\"pt-BR\"},{\"@type\":\"Person\",\"@id\":\"https:\/\/semtravasnocoracao.com.br\/blog\/#\/schema\/person\/3de16aeeea6fd54ea529162a45515305\",\"name\":\"Isabela Nicastro\",\"image\":{\"@type\":\"ImageObject\",\"inLanguage\":\"pt-BR\",\"@id\":\"https:\/\/semtravasnocoracao.com.br\/blog\/#\/schema\/person\/image\/\",\"url\":\"https:\/\/secure.gravatar.com\/avatar\/cd52c5458b60708a0f159fd57a35bc35?s=96&d=mm&r=g\",\"contentUrl\":\"https:\/\/secure.gravatar.com\/avatar\/cd52c5458b60708a0f159fd57a35bc35?s=96&d=mm&r=g\",\"caption\":\"Isabela Nicastro\"},\"description\":\"Capricorniana e jornalista. Apaixonada por mar, c\u00e3es e caf\u00e9s da tarde em fam\u00edlia. N\u00e3o dispenso bacon e muito menos uma boa hist\u00f3ria. Meu cora\u00e7\u00e3o \u00e9 intenso e grita mais do que a raz\u00e3o. Tenho o sentimento como guia e a escrita como ferramenta.\",\"sameAs\":[\"https:\/\/semtravasnocoracao.com.br\"],\"url\":\"https:\/\/semtravasnocoracao.com.br\/blog\/author\/isabela-nicastro\/\"}]}<\/script>\n<!-- \/ Yoast SEO plugin. -->","yoast_head_json":{"title":"Mo\u00e7a, n\u00e3o \u00e9 apenas coisa da sua cabe\u00e7a - Sem Travas no Cora\u00e7\u00e3o","robots":{"index":"index","follow":"follow","max-snippet":"max-snippet:-1","max-image-preview":"max-image-preview:large","max-video-preview":"max-video-preview:-1"},"canonical":"https:\/\/semtravasnocoracao.com.br\/blog\/2016\/05\/10\/moca-nao-e-apenas-coisa-da-sua-cabeca\/","og_locale":"pt_BR","og_type":"article","og_title":"Mo\u00e7a, n\u00e3o \u00e9 apenas coisa da sua cabe\u00e7a - Sem Travas no Cora\u00e7\u00e3o","og_description":"N\u00e3o, n\u00e3o \u00e9. Se voc\u00ea sente que h\u00e1 algo errado, pode realmente haver. Se voc\u00ea se sente coagida, pode ser que realmente esteja sendo. Se acredita que ele n\u00e3o est\u00e1 t\u00e3o afim quanto voc\u00ea, ele pode mesmo n\u00e3o estar. Se percebe que \u00e9 a segunda op\u00e7\u00e3o dele, \u00e9 porque, possivelmente, h\u00e1 demonstra\u00e7\u00f5es reais disso. Se [&hellip;]","og_url":"https:\/\/semtravasnocoracao.com.br\/blog\/2016\/05\/10\/moca-nao-e-apenas-coisa-da-sua-cabeca\/","og_site_name":"Sem Travas no Cora\u00e7\u00e3o","article_published_time":"2016-05-11T00:00:02+00:00","article_modified_time":"2016-07-18T01:28:32+00:00","og_image":[{"width":660,"height":442,"url":"https:\/\/semtravasnocoracao.com.br\/blog\/wp-content\/uploads\/2016\/05\/praia.png","type":"image\/png"}],"author":"Isabela Nicastro","twitter_card":"summary_large_image","twitter_misc":{"Escrito por":"Isabela Nicastro","Est. tempo de leitura":"2 minutos"},"schema":{"@context":"https:\/\/schema.org","@graph":[{"@type":"WebPage","@id":"https:\/\/semtravasnocoracao.com.br\/blog\/2016\/05\/10\/moca-nao-e-apenas-coisa-da-sua-cabeca\/","url":"https:\/\/semtravasnocoracao.com.br\/blog\/2016\/05\/10\/moca-nao-e-apenas-coisa-da-sua-cabeca\/","name":"Mo\u00e7a, n\u00e3o \u00e9 apenas coisa da sua cabe\u00e7a - Sem Travas no Cora\u00e7\u00e3o","isPartOf":{"@id":"https:\/\/semtravasnocoracao.com.br\/blog\/#website"},"datePublished":"2016-05-11T00:00:02+00:00","dateModified":"2016-07-18T01:28:32+00:00","author":{"@id":"https:\/\/semtravasnocoracao.com.br\/blog\/#\/schema\/person\/3de16aeeea6fd54ea529162a45515305"},"breadcrumb":{"@id":"https:\/\/semtravasnocoracao.com.br\/blog\/2016\/05\/10\/moca-nao-e-apenas-coisa-da-sua-cabeca\/#breadcrumb"},"inLanguage":"pt-BR","potentialAction":[{"@type":"ReadAction","target":["https:\/\/semtravasnocoracao.com.br\/blog\/2016\/05\/10\/moca-nao-e-apenas-coisa-da-sua-cabeca\/"]}]},{"@type":"BreadcrumbList","@id":"https:\/\/semtravasnocoracao.com.br\/blog\/2016\/05\/10\/moca-nao-e-apenas-coisa-da-sua-cabeca\/#breadcrumb","itemListElement":[{"@type":"ListItem","position":1,"name":"In\u00edcio","item":"https:\/\/semtravasnocoracao.com.br\/blog\/"},{"@type":"ListItem","position":2,"name":"Mo\u00e7a, n\u00e3o \u00e9 apenas coisa da sua cabe\u00e7a"}]},{"@type":"WebSite","@id":"https:\/\/semtravasnocoracao.com.br\/blog\/#website","url":"https:\/\/semtravasnocoracao.com.br\/blog\/","name":"Sem Travas no Cora\u00e7\u00e3o","description":"O cora\u00e7\u00e3o grita. A raz\u00e3o traduz.","potentialAction":[{"@type":"SearchAction","target":{"@type":"EntryPoint","urlTemplate":"https:\/\/semtravasnocoracao.com.br\/blog\/?s={search_term_string}"},"query-input":"required name=search_term_string"}],"inLanguage":"pt-BR"},{"@type":"Person","@id":"https:\/\/semtravasnocoracao.com.br\/blog\/#\/schema\/person\/3de16aeeea6fd54ea529162a45515305","name":"Isabela Nicastro","image":{"@type":"ImageObject","inLanguage":"pt-BR","@id":"https:\/\/semtravasnocoracao.com.br\/blog\/#\/schema\/person\/image\/","url":"https:\/\/secure.gravatar.com\/avatar\/cd52c5458b60708a0f159fd57a35bc35?s=96&d=mm&r=g","contentUrl":"https:\/\/secure.gravatar.com\/avatar\/cd52c5458b60708a0f159fd57a35bc35?s=96&d=mm&r=g","caption":"Isabela Nicastro"},"description":"Capricorniana e jornalista. Apaixonada por mar, c\u00e3es e caf\u00e9s da tarde em fam\u00edlia. N\u00e3o dispenso bacon e muito menos uma boa hist\u00f3ria. Meu cora\u00e7\u00e3o \u00e9 intenso e grita mais do que a raz\u00e3o. Tenho o sentimento como guia e a escrita como ferramenta.","sameAs":["https:\/\/semtravasnocoracao.com.br"],"url":"https:\/\/semtravasnocoracao.com.br\/blog\/author\/isabela-nicastro\/"}]}},"jetpack_sharing_enabled":true,"jetpack_featured_media_url":"https:\/\/i0.wp.com\/semtravasnocoracao.com.br\/blog\/wp-content\/uploads\/2016\/05\/praia.png?fit=660%2C442&ssl=1","_links":{"self":[{"href":"https:\/\/semtravasnocoracao.com.br\/blog\/wp-json\/wp\/v2\/posts\/955"}],"collection":[{"href":"https:\/\/semtravasnocoracao.com.br\/blog\/wp-json\/wp\/v2\/posts"}],"about":[{"href":"https:\/\/semtravasnocoracao.com.br\/blog\/wp-json\/wp\/v2\/types\/post"}],"author":[{"embeddable":true,"href":"https:\/\/semtravasnocoracao.com.br\/blog\/wp-json\/wp\/v2\/users\/2"}],"replies":[{"embeddable":true,"href":"https:\/\/semtravasnocoracao.com.br\/blog\/wp-json\/wp\/v2\/comments?post=955"}],"version-history":[{"count":2,"href":"https:\/\/semtravasnocoracao.com.br\/blog\/wp-json\/wp\/v2\/posts\/955\/revisions"}],"predecessor-version":[{"id":1166,"href":"https:\/\/semtravasnocoracao.com.br\/blog\/wp-json\/wp\/v2\/posts\/955\/revisions\/1166"}],"wp:featuredmedia":[{"embeddable":true,"href":"https:\/\/semtravasnocoracao.com.br\/blog\/wp-json\/wp\/v2\/media\/958"}],"wp:attachment":[{"href":"https:\/\/semtravasnocoracao.com.br\/blog\/wp-json\/wp\/v2\/media?parent=955"}],"wp:term":[{"taxonomy":"category","embeddable":true,"href":"https:\/\/semtravasnocoracao.com.br\/blog\/wp-json\/wp\/v2\/categories?post=955"},{"taxonomy":"post_tag","embeddable":true,"href":"https:\/\/semtravasnocoracao.com.br\/blog\/wp-json\/wp\/v2\/tags?post=955"}],"curies":[{"name":"wp","href":"https:\/\/api.w.org\/{rel}","templated":true}]}}